{"id":12651,"date":"2021-02-03T20:33:12","date_gmt":"2021-02-03T20:33:12","guid":{"rendered":"https:\/\/oparanews.com.br\/?p=12651"},"modified":"2021-02-03T20:33:12","modified_gmt":"2021-02-03T20:33:12","slug":"semed-penedo-entrega-alimentos-da-merenda-escolar-para-estudantes","status":"publish","type":"post","link":"https:\/\/www.oparanews.com.br\/index.php\/2021\/02\/03\/semed-penedo-entrega-alimentos-da-merenda-escolar-para-estudantes\/","title":{"rendered":"Semed Penedo entrega alimentos da merenda escolar para estudantes"},"content":{"rendered":"<p>Alimentos produzidos por agricultores penedenses que fornecem itens para merenda escolar da rede p\u00fablica municipal estariam sendo desperdi\u00e7ados, isso se a Prefeitura de Penedo n\u00e3o tivesse compromisso em manter a assist\u00eancia aos que mais precisam.<\/p>\n<p>Por meio da Secretaria Municipal de Educa\u00e7\u00e3o (Semed), alimentos saud\u00e1veis continuam chegando para estudantes do Ensino Infantil, Fundamental e EJA gra\u00e7as a estrat\u00e9gia de distribui\u00e7\u00e3o adotada pela pasta.<\/p>\n<p>Mesmo sem a realiza\u00e7\u00e3o de aulas presenciais por causa da pandemia da Covid-19, a Semed n\u00e3o deixa os alimentos adquiridos por meio de chamada p\u00fablica (modelo que assegura a compra e o fornecimento, gerando renda para o homem do campo) irem parar na lata de lixo.<\/p>\n<p>A entrega dos itens ocorre nas escolas da Semed, sendo a convoca\u00e7\u00e3o dos pais e respons\u00e1veis feita pela dire\u00e7\u00e3o de cada unidade, conforme ordem prioridade que j\u00e1 distribuiu os kits da merenda escolar para fam\u00edlias com crian\u00e7as nas creches e de estudantes das unidades situadas em localidades remanescentes quilombolas.<\/p>\n<p>\u201cContinuamos em um momento dif\u00edcil devido a pandemia da Covid-19, mas a Semed continua assistindo nossas crian\u00e7as e adolescentes da melhor forma poss\u00edvel. Aproveito para agradecer ao setor de alimenta\u00e7\u00e3o, a cada profissional das escolas que trabalham na organiza\u00e7\u00e3o e entrega dos kits da merenda, aos pais pela confian\u00e7a e ao Prefeito Ronaldo Lopes pela aten\u00e7\u00e3o e parceria\u201d, destaca a Secret\u00e1ria C\u00edntya Alves.<\/p>\n<p>Nesta quarta-feira, 03, a distribui\u00e7\u00e3o contempla as Escolas Rotary, Helena de Carvalho, Josef Bergmann e Dom Constantino L\u00fcers. Amanh\u00e3, a entrega atende as Escolas Professor Arlindo Ferreira de Moraes, Manoel Tavares e C\u00e2ndido Toledo.<\/p>\n<p>A Semed Penedo alerta aos pais ou respons\u00e1veis a obrigatoriedade do uso de m\u00e1scara para ter acesso na unidade de ensino onde ir\u00e1 receber o kit da merenda escolar.<\/p>\n<p>&nbsp;<\/p>\n<p><strong>Fonte: Decom PMP<\/strong><\/p>\n<p>&nbsp;<\/p>\n","protected":false},"excerpt":{"rendered":"<p>Alimentos produzidos por agricultores penedenses que fornecem itens para merenda escolar da rede p\u00fablica municipal estariam sendo desperdi\u00e7ados, isso se a Prefeitura de Penedo n\u00e3o tivesse compromisso em manter a assist\u00eancia aos que mais precisam. Por meio da Secretaria Municipal de Educa\u00e7\u00e3o (Semed), alimentos saud\u00e1veis continuam chegando para estudantes do Ensino Infantil, Fundamental e EJA &hellip;<\/p>\n","protected":false},"author":1,"featured_media":12652,"comment_status":"closed","ping_status":"closed","sticky":false,"template":"","format":"standard","meta":{"_jetpack_newsletter_access":"","_jetpack_dont_email_post_to_subs":false,"_jetpack_newsletter_tier_id":0,"_jetpack_memberships_contains_paywalled_content":false,"_jetpack_memberships_contains_paid_content":false,"footnotes":""},"categories":[1],"tags":[],"class_list":["post-12651","post","type-post","status-publish","format-standard","has-post-thumbnail","hentry","category-destaque"],"jetpack_sharing_enabled":true,"jetpack_featured_media_url":"","_links":{"self":[{"href":"https:\/\/www.oparanews.com.br\/index.php\/wp-json\/wp\/v2\/posts\/12651","targetHints":{"allow":["GET"]}}],"collection":[{"href":"https:\/\/www.oparanews.com.br\/index.php\/wp-json\/wp\/v2\/posts"}],"about":[{"href":"https:\/\/www.oparanews.com.br\/index.php\/wp-json\/wp\/v2\/types\/post"}],"author":[{"embeddable":true,"href":"https:\/\/www.oparanews.com.br\/index.php\/wp-json\/wp\/v2\/users\/1"}],"replies":[{"embeddable":true,"href":"https:\/\/www.oparanews.com.br\/index.php\/wp-json\/wp\/v2\/comments?post=12651"}],"version-history":[{"count":0,"href":"https:\/\/www.oparanews.com.br\/index.php\/wp-json\/wp\/v2\/posts\/12651\/revisions"}],"wp:attachment":[{"href":"https:\/\/www.oparanews.com.br\/index.php\/wp-json\/wp\/v2\/media?parent=12651"}],"wp:term":[{"taxonomy":"category","embeddable":true,"href":"https:\/\/www.oparanews.com.br\/index.php\/wp-json\/wp\/v2\/categories?post=12651"},{"taxonomy":"post_tag","embeddable":true,"href":"https:\/\/www.oparanews.com.br\/index.php\/wp-json\/wp\/v2\/tags?post=12651"}],"curies":[{"name":"wp","href":"https:\/\/api.w.org\/{rel}","templated":true}]}}