{"id":12666,"date":"2021-02-03T20:51:50","date_gmt":"2021-02-03T20:51:50","guid":{"rendered":"https:\/\/oparanews.com.br\/?p=12666"},"modified":"2021-02-03T20:51:50","modified_gmt":"2021-02-03T20:51:50","slug":"alianca-bate-o-murici-por-1-a-0-pela-copa-alagoas","status":"publish","type":"post","link":"https:\/\/www.oparanews.com.br\/index.php\/2021\/02\/03\/alianca-bate-o-murici-por-1-a-0-pela-copa-alagoas\/","title":{"rendered":"Alian\u00e7a bate o Murici por 1 a 0, pela Copa Alagoas"},"content":{"rendered":"<p>A segunda rodada da Copa Alagoas teve in\u00edcio na tarde desta quarta-feira (3). Em Macei\u00f3, no Est\u00e1dio Universit\u00e1rio, no Complexo da UFAL, Alian\u00e7a e Murici se enfrentaram pelo grupo A da competi\u00e7\u00e3o. Apesar de os visitantes demonstrarem mais iniciativa dentro de campo na etapa inicial, foi o Alian\u00e7a quem inaugurou o marcador. Jonathan fez o gol no primeiro minuto do segundo tempo e a partida terminou 1 a 0.<\/p>\n<p><strong>A Pr\u00f3xima<\/strong><\/p>\n<p>Os dois times voltar\u00e3o a campo pela terceira rodada neste s\u00e1bado (6). O Murici ir\u00e1 visitar o ASA, no Est\u00e1dio Coaracy da Mata Fonseca, \u00e0s 16h. J\u00e1 o Alian\u00e7a, encara o CSE, no Est\u00e1dio Juca Sampaio, em Palmeira dos \u00cdndios, tamb\u00e9m \u00e0s 16h.<\/p>\n<p><strong>Come\u00e7o truncado<\/strong><\/p>\n<p>Em um primeiro tempo de muito calor na capital alagoana, o time visitante tomou a iniciativa e se lan\u00e7ou ao ataque quando, logo aos 6 minutos, em cobran\u00e7a de bola parada, Diego Serra levantou na \u00e1rea, Mucuri desviou e obrigou o goleiro Diogo a fazer grande defesa. O Alian\u00e7a respondeu. Aos 13\u2019, em cobran\u00e7a de escanteio pela direita, Edmar subiu mais que a zaga e cabeceou no canto direito do goleiro Dias que teve que se esticar todo para mandar pra linha de fundo.<\/p>\n<p>Ap\u00f3s a parada t\u00e9cnica, as equipes voltaram com mais intensidade e o jogo ficou menos truncado. Aos 34, Reinaldo Alagoano recebeu do campo de defesa e saiu em disparada pelo setor direito de ataque, cruzou para Mucuri, que cara a cara com o goleiro Diogo, perdeu uma oportunidade incr\u00edvel. Sem conseguir encaixar os contragolpes por pecar muito no \u00faltimo passe, a equipe do Alian\u00e7a n\u00e3o conseguia responder \u00e0 altura, at\u00e9 que aos 48, o \u00e1rbitro Alisson Kayke encerrou a primeira etapa: 0 a 0.<\/p>\n<p><strong>Segundo tempo aberto<\/strong><\/p>\n<p>Ap\u00f3s o intervalo, o Alian\u00e7a subiu as linhas e intensificou a presen\u00e7a no campo do Murici, com isso, nos primeiros instantes da etapa complementar, o Tricolor j\u00e1 demonstrava uma postura diferente. A iniciativa surtiu efeito quando, no primeiro minuto de jogo, Diego cobrou lateral monstro na \u00e1rea, a defesa do Murici bobeou e Jonathan apareceu sozinho para desviar a cabe\u00e7ada de Edmar, matando o goleiro Diogo no lance: 1 a 0.<\/p>\n<p>O Tricolor alagoano seguia em busca do segundo gol. Aos 5\u2019, em cobran\u00e7a de falta pelo setor direito do campo, Kiko Alagoano cobrou com precis\u00e3o obrigando Dias a fazer grande defesa.<\/p>\n<p>Muito preso e sem conseguir criar, a primeira finaliza\u00e7\u00e3o do Murici s\u00f3 veio ap\u00f3s a parada t\u00e9cnica, quando Dival, num chute despretensioso, finalizou \u00e0 direita do goleiro Diogo.<\/p>\n<p>Apostando nos contra-ataques, o Verd\u00e3o tentava seguia tentando criar oportunidades para tentar empatar o placar, mas esbarrava na falta de pontaria e no brilho do goleiro Diogo.<\/p>\n<p>A medida que ia se aproximando o final da partida, a atmosfera come\u00e7ava a esquentar. Em sa\u00edda errada do Murici, a bola sobrou para Magalh\u00e3es que, sozinho contra o goleiro Diogo, perdeu uma chance inacredit\u00e1vel.<\/p>\n<p>Em um dia ruim de suas principais esperan\u00e7as de gol, o time do Murici ainda criou mais duas boas oportunidades, mas parou no goleiro Diogo e o duelo terminou mesmo no 1 a 0.<\/p>\n<p><strong>Ficha T\u00e9cnica<\/strong><\/p>\n<p>Alian\u00e7a \u2013 Diogo; Guga, Andr\u00e9 Nunes, Gabriel e Diego; Elizeu (Aldair), Felipe Andr\u00e9 e Kiko Alagoano; Edmar (Guilherme Henrique), Robson (Magalh\u00e3es) e Jonathan (Ant\u00f4nio). T\u00e9cnico: Jadson Oliveira.<\/p>\n<p>Murici &#8211; Rodrigo Dias, Alex Travassos, Kaike, Eduardo Bahia e Rambo (Danilo); Tadeu (Neguinho Para\u00edba), Diego Serra (Magalh\u00e3es), Fabinho (Dival), Reinaldo Alagoano, Mucuri, Katt\u00ea (Thiago Bagagem).<\/p>\n<p>Arbitro &#8211; Alisson Kayke Alves de Lima.<\/p>\n<p>Auxiliares &#8211; Claudio Camilo da Silva e Ana Paula dos Santos<\/p>\n<p>Cart\u00f5es Amarelos \u2013 Elizeu, (Alian\u00e7a)<\/p>\n<p>Gol &#8211; Jonathan<\/p>\n<p>&nbsp;<\/p>\n<p><strong>Fonte: Gazetaweb<\/strong><\/p>\n<p>&nbsp;<\/p>\n","protected":false},"excerpt":{"rendered":"<p>A segunda rodada da Copa Alagoas teve in\u00edcio na tarde desta quarta-feira (3). Em Macei\u00f3, no Est\u00e1dio Universit\u00e1rio, no Complexo da UFAL, Alian\u00e7a e Murici se enfrentaram pelo grupo A da competi\u00e7\u00e3o. Apesar de os visitantes demonstrarem mais iniciativa dentro de campo na etapa inicial, foi o Alian\u00e7a quem inaugurou o marcador. Jonathan fez o &hellip;<\/p>\n","protected":false},"author":1,"featured_media":12667,"comment_status":"closed","ping_status":"closed","sticky":false,"template":"","format":"standard","meta":{"_jetpack_newsletter_access":"","_jetpack_dont_email_post_to_subs":false,"_jetpack_newsletter_tier_id":0,"_jetpack_memberships_contains_paywalled_content":false,"_jetpack_memberships_contains_paid_content":false,"footnotes":""},"categories":[1],"tags":[],"class_list":["post-12666","post","type-post","status-publish","format-standard","has-post-thumbnail","hentry","category-destaque"],"jetpack_sharing_enabled":true,"jetpack_featured_media_url":"","_links":{"self":[{"href":"https:\/\/www.oparanews.com.br\/index.php\/wp-json\/wp\/v2\/posts\/12666","targetHints":{"allow":["GET"]}}],"collection":[{"href":"https:\/\/www.oparanews.com.br\/index.php\/wp-json\/wp\/v2\/posts"}],"about":[{"href":"https:\/\/www.oparanews.com.br\/index.php\/wp-json\/wp\/v2\/types\/post"}],"author":[{"embeddable":true,"href":"https:\/\/www.oparanews.com.br\/index.php\/wp-json\/wp\/v2\/users\/1"}],"replies":[{"embeddable":true,"href":"https:\/\/www.oparanews.com.br\/index.php\/wp-json\/wp\/v2\/comments?post=12666"}],"version-history":[{"count":0,"href":"https:\/\/www.oparanews.com.br\/index.php\/wp-json\/wp\/v2\/posts\/12666\/revisions"}],"wp:attachment":[{"href":"https:\/\/www.oparanews.com.br\/index.php\/wp-json\/wp\/v2\/media?parent=12666"}],"wp:term":[{"taxonomy":"category","embeddable":true,"href":"https:\/\/www.oparanews.com.br\/index.php\/wp-json\/wp\/v2\/categories?post=12666"},{"taxonomy":"post_tag","embeddable":true,"href":"https:\/\/www.oparanews.com.br\/index.php\/wp-json\/wp\/v2\/tags?post=12666"}],"curies":[{"name":"wp","href":"https:\/\/api.w.org\/{rel}","templated":true}]}}