{"id":12672,"date":"2021-02-03T21:01:27","date_gmt":"2021-02-03T21:01:27","guid":{"rendered":"https:\/\/oparanews.com.br\/?p=12672"},"modified":"2021-02-03T21:01:27","modified_gmt":"2021-02-03T21:01:27","slug":"jorge-jesus-pode-voltar-ao-brasil-diz-jornalista","status":"publish","type":"post","link":"https:\/\/www.oparanews.com.br\/index.php\/2021\/02\/03\/jorge-jesus-pode-voltar-ao-brasil-diz-jornalista\/","title":{"rendered":"Jorge Jesus pode voltar ao Brasil, diz jornalista"},"content":{"rendered":"<p>Pressionado no comando do Benfica , o t\u00e9cnico Jorge Jesus quer retornar ao Brasil. Segundo o jornalista Thiago Asmar, do canal &#8220;Pilhado&#8221;, o portugu\u00eas j\u00e1 come\u00e7ou a se planejar para voltar e tenta convencer a fam\u00edlia a se mudar para o pa\u00eds onde ele se consagrou em 2019, conquistando a Libertadores e o Brasileir\u00e3o.<\/p>\n<p>&#8220;O Jorge Jesus j\u00e1 come\u00e7a a planejar seu retorno. Ele j\u00e1 est\u00e1 conversando com a fam\u00edlia e tentando convenc\u00ea-lo a vir para o Brasil. Da primeira vez, eles ficaram em Portugal, o que foi at\u00e9 um dos motivos para sua sa\u00edda, mas desta vez o Mister quer trazer a fam\u00edlia&#8221;, disse o jornalista.<\/p>\n<p>O Flamengo ter\u00e1 a prefer\u00eancia para contratar o treinador, mas outros clubes n\u00e3o est\u00e3o descartados.<\/p>\n<p>&#8220;Claro que a prefer\u00eancia e grande tend\u00eancia \u00e9 que ele venha para o Flamengo. Tem um burburinho de que o S\u00e3o Paulo tamb\u00e9m estaria interessado no Jorge Jesus, mas claro que a primeira op\u00e7\u00e3o deve ser o clube onde ele se tornou \u00eddolo. J\u00e1 h\u00e1 a informa\u00e7\u00e3o de que nos bastidores da G\u00e1vea j\u00e1 se fala no retorno para ap\u00f3s o Campeonato Estadual&#8221;, afirmou.<\/p>\n<p>Jorge Jesus rescindiu seu contrato com o Flamengo em julho para retornar ao Benfica. Pelo Rubro-Negro, conquistou a Libertadores da Am\u00e9rica, o Brasileir\u00e3o, a Recopa, a Supercopa do Brasil e o Campeonato Carioca.<\/p>\n<p>&nbsp;<\/p>\n<p><strong>Fonte: iG<\/strong><\/p>\n<p>&nbsp;<\/p>\n","protected":false},"excerpt":{"rendered":"<p>Pressionado no comando do Benfica , o t\u00e9cnico Jorge Jesus quer retornar ao Brasil. Segundo o jornalista Thiago Asmar, do canal &#8220;Pilhado&#8221;, o portugu\u00eas j\u00e1 come\u00e7ou a se planejar para voltar e tenta convencer a fam\u00edlia a se mudar para o pa\u00eds onde ele se consagrou em 2019, conquistando a Libertadores e o Brasileir\u00e3o. &#8220;O &hellip;<\/p>\n","protected":false},"author":1,"featured_media":12673,"comment_status":"closed","ping_status":"closed","sticky":false,"template":"","format":"standard","meta":{"_jetpack_newsletter_access":"","_jetpack_dont_email_post_to_subs":false,"_jetpack_newsletter_tier_id":0,"_jetpack_memberships_contains_paywalled_content":false,"_jetpack_memberships_contains_paid_content":false,"footnotes":""},"categories":[1],"tags":[],"class_list":["post-12672","post","type-post","status-publish","format-standard","has-post-thumbnail","hentry","category-destaque"],"jetpack_sharing_enabled":true,"jetpack_featured_media_url":"","_links":{"self":[{"href":"https:\/\/www.oparanews.com.br\/index.php\/wp-json\/wp\/v2\/posts\/12672","targetHints":{"allow":["GET"]}}],"collection":[{"href":"https:\/\/www.oparanews.com.br\/index.php\/wp-json\/wp\/v2\/posts"}],"about":[{"href":"https:\/\/www.oparanews.com.br\/index.php\/wp-json\/wp\/v2\/types\/post"}],"author":[{"embeddable":true,"href":"https:\/\/www.oparanews.com.br\/index.php\/wp-json\/wp\/v2\/users\/1"}],"replies":[{"embeddable":true,"href":"https:\/\/www.oparanews.com.br\/index.php\/wp-json\/wp\/v2\/comments?post=12672"}],"version-history":[{"count":0,"href":"https:\/\/www.oparanews.com.br\/index.php\/wp-json\/wp\/v2\/posts\/12672\/revisions"}],"wp:attachment":[{"href":"https:\/\/www.oparanews.com.br\/index.php\/wp-json\/wp\/v2\/media?parent=12672"}],"wp:term":[{"taxonomy":"category","embeddable":true,"href":"https:\/\/www.oparanews.com.br\/index.php\/wp-json\/wp\/v2\/categories?post=12672"},{"taxonomy":"post_tag","embeddable":true,"href":"https:\/\/www.oparanews.com.br\/index.php\/wp-json\/wp\/v2\/tags?post=12672"}],"curies":[{"name":"wp","href":"https:\/\/api.w.org\/{rel}","templated":true}]}}