{"id":12678,"date":"2021-02-04T12:03:42","date_gmt":"2021-02-04T12:03:42","guid":{"rendered":"https:\/\/oparanews.com.br\/?p=12678"},"modified":"2021-02-04T12:03:42","modified_gmt":"2021-02-04T12:03:42","slug":"veja-quem-pode-receber-o-cartao-cria-e-onde-se-cadastrar-em-penedo","status":"publish","type":"post","link":"https:\/\/www.oparanews.com.br\/index.php\/2021\/02\/04\/veja-quem-pode-receber-o-cartao-cria-e-onde-se-cadastrar-em-penedo\/","title":{"rendered":"Veja quem pode receber o Cart\u00e3o Cria e onde se cadastrar em Penedo"},"content":{"rendered":"<p>O programa Crian\u00e7a Alagoana (Cria) ser\u00e1 oficialmente lan\u00e7ado em Penedo na pr\u00f3xima segunda-feira, 08, mas quem se enquadra nos crit\u00e9rios j\u00e1 pode fazer o cadastro para ter acesso ao benef\u00edcio viabilizado pelo Governo de Alagoas.<\/p>\n<p>A distribui\u00e7\u00e3o de renda \u00e9 direcionada para gestantes e crian\u00e7as de zero a seis anos de idade inclu\u00eddas no Bolsa Fam\u00edlia, o que implica em constar na base de dados do Cadastro \u00danico (Cad\u00danico) do governo federal.<\/p>\n<p>O benef\u00edcio para fam\u00edlias em situa\u00e7\u00e3o extrema de vulnerabilidade social visa melhorar a qualidade de vida de crian\u00e7as na fase da primeira inf\u00e2ncia. S\u00e3o cem reais a mais na renda familiar, recurso destinado \u00e0 compra de alimentos e itens de higiene pessoal dos beb\u00eas.<\/p>\n<p>O governo estadual informa que cada m\u00e3e e crian\u00e7a t\u00eam o tempo certo de receber o seu Cart\u00e3o Cria, sendo que o cadastro precisa ser feito no Centro de Refer\u00eancia de Assist\u00eancia Social (CRAS).<\/p>\n<p>Em Penedo, a Secretaria Municipal de Desenvolvimento Social e Habita\u00e7\u00e3o (SEMDSH) mant\u00e9m dois CRAS, um no bairro Santo Ant\u00f4nio \u2013 popularmente chamado de Barro Vermelho \u2013 e o outro no bairro Senhor do Bonfim, comunidade remanescente quilombola mais conhecida como Oiteiro.<\/p>\n<p>\u201cO hor\u00e1rio de funcionamento dos CRAS \u00e9 das oito ao meio-dia e das 13h \u00e0s 17 horas. O do Oiteiro fica pr\u00f3ximo do antigo posto de sa\u00fade, perto da pra\u00e7a do bairro, e o do Barro Vermelho nas imedia\u00e7\u00f5es da Pra\u00e7a da Alegria, na nova orla. Nossas equipes est\u00e3o preparadas para fazer o cadastramento do Cart\u00e3o Cria e estamos prontas para receber as benefici\u00e1rias\u201d, informa a Diretora de Planejamento da SEMDSH, Andresa Galv\u00e3o.<\/p>\n<p>Para n\u00e3o perder o benef\u00edcio, siga o calend\u00e1rio para o cadastro do Cart\u00e3o Cria:<\/p>\n<p>A partir de 05 de fevereiro \u2013 Cadastro de gestantes<br \/>\nA partir de 01 de abril \u2013 Cadastro de crian\u00e7a com at\u00e9 2 anos de idade<br \/>\nA partir de 01 de maio \u2013 Cadastro de crian\u00e7a com at\u00e9 5 anos de idade<br \/>\nCrian\u00e7a com s\u00edndrome cong\u00eanita do Zika V\u00edrus j\u00e1 pode ser cadastrada no Cart\u00e3o Cria.<\/p>\n<p>&nbsp;<\/p>\n<p><strong>Fonte: Decom\/PMP<\/strong><\/p>\n<p>&nbsp;<\/p>\n","protected":false},"excerpt":{"rendered":"<p>O programa Crian\u00e7a Alagoana (Cria) ser\u00e1 oficialmente lan\u00e7ado em Penedo na pr\u00f3xima segunda-feira, 08, mas quem se enquadra nos crit\u00e9rios j\u00e1 pode fazer o cadastro para ter acesso ao benef\u00edcio viabilizado pelo Governo de Alagoas. A distribui\u00e7\u00e3o de renda \u00e9 direcionada para gestantes e crian\u00e7as de zero a seis anos de idade inclu\u00eddas no Bolsa &hellip;<\/p>\n","protected":false},"author":1,"featured_media":12679,"comment_status":"closed","ping_status":"closed","sticky":false,"template":"","format":"standard","meta":{"_jetpack_newsletter_access":"","_jetpack_dont_email_post_to_subs":false,"_jetpack_newsletter_tier_id":0,"_jetpack_memberships_contains_paywalled_content":false,"_jetpack_memberships_contains_paid_content":false,"footnotes":""},"categories":[1],"tags":[],"class_list":["post-12678","post","type-post","status-publish","format-standard","has-post-thumbnail","hentry","category-destaque"],"jetpack_sharing_enabled":true,"jetpack_featured_media_url":"","_links":{"self":[{"href":"https:\/\/www.oparanews.com.br\/index.php\/wp-json\/wp\/v2\/posts\/12678","targetHints":{"allow":["GET"]}}],"collection":[{"href":"https:\/\/www.oparanews.com.br\/index.php\/wp-json\/wp\/v2\/posts"}],"about":[{"href":"https:\/\/www.oparanews.com.br\/index.php\/wp-json\/wp\/v2\/types\/post"}],"author":[{"embeddable":true,"href":"https:\/\/www.oparanews.com.br\/index.php\/wp-json\/wp\/v2\/users\/1"}],"replies":[{"embeddable":true,"href":"https:\/\/www.oparanews.com.br\/index.php\/wp-json\/wp\/v2\/comments?post=12678"}],"version-history":[{"count":0,"href":"https:\/\/www.oparanews.com.br\/index.php\/wp-json\/wp\/v2\/posts\/12678\/revisions"}],"wp:attachment":[{"href":"https:\/\/www.oparanews.com.br\/index.php\/wp-json\/wp\/v2\/media?parent=12678"}],"wp:term":[{"taxonomy":"category","embeddable":true,"href":"https:\/\/www.oparanews.com.br\/index.php\/wp-json\/wp\/v2\/categories?post=12678"},{"taxonomy":"post_tag","embeddable":true,"href":"https:\/\/www.oparanews.com.br\/index.php\/wp-json\/wp\/v2\/tags?post=12678"}],"curies":[{"name":"wp","href":"https:\/\/api.w.org\/{rel}","templated":true}]}}