{"id":12687,"date":"2021-02-04T19:42:18","date_gmt":"2021-02-04T19:42:18","guid":{"rendered":"https:\/\/oparanews.com.br\/?p=12687"},"modified":"2021-02-04T19:42:18","modified_gmt":"2021-02-04T19:42:18","slug":"prefeitura-de-penedo-realiza-recadastramento-de-feirantes","status":"publish","type":"post","link":"https:\/\/www.oparanews.com.br\/index.php\/2021\/02\/04\/prefeitura-de-penedo-realiza-recadastramento-de-feirantes\/","title":{"rendered":"Prefeitura de Penedo realiza recadastramento de feirantes"},"content":{"rendered":"<p>A Prefeitura de Penedo, por meio da Secretaria Municipal de Abastecimento e Desenvolvimento Agr\u00edcola (SEMADA), realiza at\u00e9 o pr\u00f3ximo dia 12 o recadastramento dos feirantes do Centro Hist\u00f3rico e do Bairro Santa Luzia, popular feirinha do Barro Duro.<\/p>\n<p>O recadastramento \u00e9 obrigat\u00f3rio para todos os feirantes, inclusive para quem comercializa somente nos dias de s\u00e1bado na \u00e1rea do Centro Hist\u00f3rico.<\/p>\n<p>Quem n\u00e3o comparecer \u00e0 sede da SEMADA para atualizar seus dados n\u00e3o poder\u00e3o vender seus produtos.<\/p>\n<p>De acordo com o Secret\u00e1rio de Abastecimento e Desenvolvimento Agr\u00edcola Pedro Felipe Queiroz de Azevedo Santos, o cadastro servir\u00e1 para saber quais s\u00e3o os feirantes residentes em Penedo e quem s\u00e3o de outros munic\u00edpios, contribuindo para ado\u00e7\u00e3o das medidas relacionadas \u00e0s feiras livres de Penedo.<\/p>\n<p>Com esse cadastro, a equipe t\u00e9cnica da SEMADA Penedo realizar\u00e1 o ordenamento e setoriza\u00e7\u00e3o das feiras, que ser\u00e3o saneadas e receber\u00e3o padroniza\u00e7\u00e3o de todas as barracas.<\/p>\n<p>Pedro Felipe destaca ainda que, nesse primeiro momento, n\u00e3o haver\u00e1 mudan\u00e7as relacionadas aos pontos em que os feirantes comercializam os seus produtos, at\u00e9 a conclus\u00e3o do recadastramento por parte da Secretaria.<\/p>\n<p>Os feirantes devem comparecer \u00e0 sede da SEMADA no hor\u00e1rio das 8:00 \u00e0s 13h, localizada na Av. Get\u00falio Vargas, n \u00ba 56, ao lado do Col\u00e9gio Imaculada. Os documentos necess\u00e1rios para o recadastramento s\u00e3o RG, CPF, comprovante de resid\u00eancia, originais e suas respectivas c\u00f3pias.<\/p>\n<p><strong>Setoriza\u00e7\u00e3o<\/strong><\/p>\n<p>Ap\u00f3s conclu\u00eddo o recadastramento dos feirantes, a SEMADA Penedo realizar\u00e1 a organiza\u00e7\u00e3o da feira por setor.<\/p>\n<p>O Secret\u00e1rio de Abastecimento e Desenvolvimento Agr\u00e1rio afirmou ainda que a setoriza\u00e7\u00e3o e organiza\u00e7\u00e3o da feira criar\u00e1 um ambiente mais seguro e agrad\u00e1vel para feirantes e consumidores.<\/p>\n<p>\u201cQueremos saber quem \u00e9 da cidade e quem \u00e9 de fora, quem trabalha diariamente e quem vende somente no s\u00e1bado. O objetivo \u00e9 retornar as feiras livres com 100% de sua capacidade, por\u00e9m sem descuidar das medidas necess\u00e1rias de combate a pandemia de Covid-19, mantendo o distanciamento social e demais regras de seguran\u00e7a. Por isso iremos separar os feirantes de acordo com os produtos comercializados, utilizando para isso toda extens\u00e3o da Rua Ulisses Batinga\u201d, explicou Pedro Felipe.<\/p>\n<p>&nbsp;<\/p>\n<p><strong>por Thiago Sobral &#8211; Decom (PMP)<\/strong><\/p>\n<p>&nbsp;<\/p>\n","protected":false},"excerpt":{"rendered":"<p>A Prefeitura de Penedo, por meio da Secretaria Municipal de Abastecimento e Desenvolvimento Agr\u00edcola (SEMADA), realiza at\u00e9 o pr\u00f3ximo dia 12 o recadastramento dos feirantes do Centro Hist\u00f3rico e do Bairro Santa Luzia, popular feirinha do Barro Duro. O recadastramento \u00e9 obrigat\u00f3rio para todos os feirantes, inclusive para quem comercializa somente nos dias de s\u00e1bado &hellip;<\/p>\n","protected":false},"author":1,"featured_media":12688,"comment_status":"closed","ping_status":"closed","sticky":false,"template":"","format":"standard","meta":{"_jetpack_newsletter_access":"","_jetpack_dont_email_post_to_subs":false,"_jetpack_newsletter_tier_id":0,"_jetpack_memberships_contains_paywalled_content":false,"_jetpack_memberships_contains_paid_content":false,"footnotes":""},"categories":[1],"tags":[],"class_list":["post-12687","post","type-post","status-publish","format-standard","has-post-thumbnail","hentry","category-destaque"],"jetpack_sharing_enabled":true,"jetpack_featured_media_url":"","_links":{"self":[{"href":"https:\/\/www.oparanews.com.br\/index.php\/wp-json\/wp\/v2\/posts\/12687","targetHints":{"allow":["GET"]}}],"collection":[{"href":"https:\/\/www.oparanews.com.br\/index.php\/wp-json\/wp\/v2\/posts"}],"about":[{"href":"https:\/\/www.oparanews.com.br\/index.php\/wp-json\/wp\/v2\/types\/post"}],"author":[{"embeddable":true,"href":"https:\/\/www.oparanews.com.br\/index.php\/wp-json\/wp\/v2\/users\/1"}],"replies":[{"embeddable":true,"href":"https:\/\/www.oparanews.com.br\/index.php\/wp-json\/wp\/v2\/comments?post=12687"}],"version-history":[{"count":0,"href":"https:\/\/www.oparanews.com.br\/index.php\/wp-json\/wp\/v2\/posts\/12687\/revisions"}],"wp:attachment":[{"href":"https:\/\/www.oparanews.com.br\/index.php\/wp-json\/wp\/v2\/media?parent=12687"}],"wp:term":[{"taxonomy":"category","embeddable":true,"href":"https:\/\/www.oparanews.com.br\/index.php\/wp-json\/wp\/v2\/categories?post=12687"},{"taxonomy":"post_tag","embeddable":true,"href":"https:\/\/www.oparanews.com.br\/index.php\/wp-json\/wp\/v2\/tags?post=12687"}],"curies":[{"name":"wp","href":"https:\/\/api.w.org\/{rel}","templated":true}]}}