{"id":12693,"date":"2021-02-04T19:56:06","date_gmt":"2021-02-04T19:56:06","guid":{"rendered":"https:\/\/oparanews.com.br\/?p=12693"},"modified":"2021-02-04T19:56:06","modified_gmt":"2021-02-04T19:56:06","slug":"cruzeiro-encaminha-contratacao-de-alan-ruschel","status":"publish","type":"post","link":"https:\/\/www.oparanews.com.br\/index.php\/2021\/02\/04\/cruzeiro-encaminha-contratacao-de-alan-ruschel\/","title":{"rendered":"Cruzeiro encaminha contrata\u00e7\u00e3o de Alan Ruschel"},"content":{"rendered":"<p>O Cruzeiro est\u00e1 pr\u00f3ximo de acertar mais uma contrata\u00e7\u00e3o para a temporada. Trata-se do lateral Alan Ruschel, de 31 anos, que foi campe\u00e3o da \u00faltima S\u00e9rie B pela Chapecoense. O contrato a ser assinado \u00e9 por duas temporadas.<\/p>\n<p>Em contato com um uma pessoa pr\u00f3xima \u00e0 negocia\u00e7\u00e3o, o ge confirmou que as conversas est\u00e3o bem adiantadas no momento. Os termos financeiros foram acertados ainda nesta quinta-feira com o clube mineiro, com o tempo salarial tamb\u00e9m acordado entre as partes. A informa\u00e7\u00e3o inicial do acerto apalavrado foi da r\u00e1dio Itatiaia.<\/p>\n<p>Segundo apura\u00e7\u00e3o da reportagem, os valores ofertados pelo Cruzeiro s\u00e3o superiores a da proposta de renova\u00e7\u00e3o de contrato da Chapecoense. O clube catarinense ofereceu um ano de v\u00ednculo e com o mesmo patamar salarial. Ruschel queria um tempo maior e um sal\u00e1rio maior.<\/p>\n<p>A Chapecoense continua interessada em renovar, mas n\u00e3o ir\u00e1 ultrapassar o teto salarial estabelecido. Com o Cruzeiro, agora, falta a confec\u00e7\u00e3o dos contratos e os exames m\u00e9dicos. Se tudo correr bem, o lateral pode chegar j\u00e1 na pr\u00f3xima semana a Belo Horizonte.<\/p>\n<p>Alan Ruschel tamb\u00e9m despertava o interesse do Am\u00e9rica-MG, que realizou uma consulta ao jogador, a pedido do t\u00e9cnico Lisca. Mas o Cruzeiro avan\u00e7ou nas tratativas e est\u00e1, neste momento, bem pr\u00f3ximo de finalizar o neg\u00f3cio.<\/p>\n<p>Ruschel foi o capit\u00e3o da Chapecoense na conquista da S\u00e9rie B. O jogador viveu realidade parecida ao do Cruzeiro do ano passado, com atrasos salariais, e tamb\u00e9m sendo l\u00edder em uma equipe cheia de jovens. Por isso, um perfil que agrada \u00e0 diretoria cruzeirense.<\/p>\n<p>A lateral esquerda \u00e9 um setor que o Cruzeiro busca refor\u00e7os para a temporada. Neste momento, o clube s\u00f3 tem o jovem Matheus Pereira para o setor.<\/p>\n<p>&nbsp;<\/p>\n<p><strong>Fonte: GE<\/strong><\/p>\n<p>&nbsp;<\/p>\n","protected":false},"excerpt":{"rendered":"<p>O Cruzeiro est\u00e1 pr\u00f3ximo de acertar mais uma contrata\u00e7\u00e3o para a temporada. Trata-se do lateral Alan Ruschel, de 31 anos, que foi campe\u00e3o da \u00faltima S\u00e9rie B pela Chapecoense. O contrato a ser assinado \u00e9 por duas temporadas. Em contato com um uma pessoa pr\u00f3xima \u00e0 negocia\u00e7\u00e3o, o ge confirmou que as conversas est\u00e3o bem &hellip;<\/p>\n","protected":false},"author":1,"featured_media":12694,"comment_status":"closed","ping_status":"closed","sticky":false,"template":"","format":"standard","meta":{"_jetpack_newsletter_access":"","_jetpack_dont_email_post_to_subs":false,"_jetpack_newsletter_tier_id":0,"_jetpack_memberships_contains_paywalled_content":false,"_jetpack_memberships_contains_paid_content":false,"footnotes":""},"categories":[1],"tags":[],"class_list":["post-12693","post","type-post","status-publish","format-standard","has-post-thumbnail","hentry","category-destaque"],"jetpack_sharing_enabled":true,"jetpack_featured_media_url":"","_links":{"self":[{"href":"https:\/\/www.oparanews.com.br\/index.php\/wp-json\/wp\/v2\/posts\/12693","targetHints":{"allow":["GET"]}}],"collection":[{"href":"https:\/\/www.oparanews.com.br\/index.php\/wp-json\/wp\/v2\/posts"}],"about":[{"href":"https:\/\/www.oparanews.com.br\/index.php\/wp-json\/wp\/v2\/types\/post"}],"author":[{"embeddable":true,"href":"https:\/\/www.oparanews.com.br\/index.php\/wp-json\/wp\/v2\/users\/1"}],"replies":[{"embeddable":true,"href":"https:\/\/www.oparanews.com.br\/index.php\/wp-json\/wp\/v2\/comments?post=12693"}],"version-history":[{"count":0,"href":"https:\/\/www.oparanews.com.br\/index.php\/wp-json\/wp\/v2\/posts\/12693\/revisions"}],"wp:attachment":[{"href":"https:\/\/www.oparanews.com.br\/index.php\/wp-json\/wp\/v2\/media?parent=12693"}],"wp:term":[{"taxonomy":"category","embeddable":true,"href":"https:\/\/www.oparanews.com.br\/index.php\/wp-json\/wp\/v2\/categories?post=12693"},{"taxonomy":"post_tag","embeddable":true,"href":"https:\/\/www.oparanews.com.br\/index.php\/wp-json\/wp\/v2\/tags?post=12693"}],"curies":[{"name":"wp","href":"https:\/\/api.w.org\/{rel}","templated":true}]}}