{"id":12699,"date":"2021-02-05T13:39:03","date_gmt":"2021-02-05T13:39:03","guid":{"rendered":"https:\/\/oparanews.com.br\/?p=12699"},"modified":"2021-02-05T13:39:03","modified_gmt":"2021-02-05T13:39:03","slug":"todynho-questiona-lumena-e-expoe-decepcao-com-projota","status":"publish","type":"post","link":"https:\/\/www.oparanews.com.br\/index.php\/2021\/02\/05\/todynho-questiona-lumena-e-expoe-decepcao-com-projota\/","title":{"rendered":"Todynho questiona Lumena e exp\u00f5e decep\u00e7\u00e3o com Projota"},"content":{"rendered":"<p>Al\u00e9m dos f\u00e3s que acompanham anualmente o reality show da Globo, v\u00e1rios famosos andam comentando os acontecimentos do BBB 2021. Jojo Todynho, que venceu A Fazenda 2020, n\u00e3o est\u00e1 satisfeita com os rumos do programa e direcionou suas cr\u00edticas a Lumena e Projota.<\/p>\n<p>A funkeira questionou a capacidade da baiana como psic\u00f3loga e ainda confessou a chatea\u00e7\u00e3o com o rapper: \u201cEu quero saber aonde essa Lumena fez faculdade. E o Projota? Que decep\u00e7\u00e3o! Vou falar pra voc\u00eas, tenho visto coisas nesse BBB que a gente para para pensar\u201c.<\/p>\n<p>Internautas tem criticado Projota por n\u00e3o agir nas vezes em que Lumena e Karol Conk\u00e1 andam gritando com Lucas Penteado, al\u00e9m de n\u00e3o se manifestarem nas vezes que debocham do sotaque de Juliette.<\/p>\n<p>Jojo enxergou no reality uma reflex\u00e3o sobre a personalidade dos famosos: \u201cA gente tem respeito, admira\u00e7\u00e3o e carinho por pessoas que n\u00e3o existem, porque na internet vendem uma coisa e na vida real \u00e9 outra. Por isso que eu falo pra todo mundo: plantou lim\u00e3o, n\u00e3o vai colher morango. Uma hora a casa cai. Que vergonha, o programa inteiro\u201c.<\/p>\n<p>Vale lembrar que pelo segundo ano consecutivo est\u00e3o repetindo a f\u00f3rmula de unir inscritos an\u00f4nimos (Pipoca) e convidados famosos (Camarote). Dessa vez o n\u00famero foi igual: 10 para cada. Lumena tamb\u00e9m \u00e9 DJ de pagod\u00e3o baiano e Projota \u00e9 conhecido por suas m\u00fasicas de rap.<\/p>\n<p>Na semana passada, Jojo Todynho tamb\u00e9m criticou Karol Conk\u00e1 por debochar da f\u00e9 de Lucas Penteado: \u201cAcabei de ver um v\u00eddeo no qual o Lucas fala de Deus e a Karol questiona ele desdenhando do poder sobrenatural. \u2018Cad\u00ea ele?\u2019. Deus \u00e9 amor, mas \u00e9 fogo consumidor\u201c.<\/p>\n<p>\u201cToda minha admira\u00e7\u00e3o que eu tinha por voc\u00ea, Karol, acabou. Deixando de te seguir. Lacre menos. gente tem que passar a verdade do que a gente \u00e9. N\u00e3o adianta bater no peito e na hora n\u00e3o mostrar. E \u00e9 isso que acontece no mundo dos famosos. Muita hipocrisia, muita fala\u00e7\u00e3o e pouca atitude\u201c, finalizou a cantora, detonando a postura da colega de profiss\u00e3o no Big Brother Brasil.<\/p>\n<p>&nbsp;<\/p>\n<p><strong>Fonte: RD1<\/strong><\/p>\n<p>&nbsp;<\/p>\n","protected":false},"excerpt":{"rendered":"<p>Al\u00e9m dos f\u00e3s que acompanham anualmente o reality show da Globo, v\u00e1rios famosos andam comentando os acontecimentos do BBB 2021. Jojo Todynho, que venceu A Fazenda 2020, n\u00e3o est\u00e1 satisfeita com os rumos do programa e direcionou suas cr\u00edticas a Lumena e Projota. A funkeira questionou a capacidade da baiana como psic\u00f3loga e ainda confessou &hellip;<\/p>\n","protected":false},"author":1,"featured_media":12700,"comment_status":"closed","ping_status":"closed","sticky":false,"template":"","format":"standard","meta":{"_jetpack_newsletter_access":"","_jetpack_dont_email_post_to_subs":false,"_jetpack_newsletter_tier_id":0,"_jetpack_memberships_contains_paywalled_content":false,"_jetpack_memberships_contains_paid_content":false,"footnotes":""},"categories":[1],"tags":[],"class_list":["post-12699","post","type-post","status-publish","format-standard","has-post-thumbnail","hentry","category-destaque"],"jetpack_sharing_enabled":true,"jetpack_featured_media_url":"","_links":{"self":[{"href":"https:\/\/www.oparanews.com.br\/index.php\/wp-json\/wp\/v2\/posts\/12699","targetHints":{"allow":["GET"]}}],"collection":[{"href":"https:\/\/www.oparanews.com.br\/index.php\/wp-json\/wp\/v2\/posts"}],"about":[{"href":"https:\/\/www.oparanews.com.br\/index.php\/wp-json\/wp\/v2\/types\/post"}],"author":[{"embeddable":true,"href":"https:\/\/www.oparanews.com.br\/index.php\/wp-json\/wp\/v2\/users\/1"}],"replies":[{"embeddable":true,"href":"https:\/\/www.oparanews.com.br\/index.php\/wp-json\/wp\/v2\/comments?post=12699"}],"version-history":[{"count":0,"href":"https:\/\/www.oparanews.com.br\/index.php\/wp-json\/wp\/v2\/posts\/12699\/revisions"}],"wp:attachment":[{"href":"https:\/\/www.oparanews.com.br\/index.php\/wp-json\/wp\/v2\/media?parent=12699"}],"wp:term":[{"taxonomy":"category","embeddable":true,"href":"https:\/\/www.oparanews.com.br\/index.php\/wp-json\/wp\/v2\/categories?post=12699"},{"taxonomy":"post_tag","embeddable":true,"href":"https:\/\/www.oparanews.com.br\/index.php\/wp-json\/wp\/v2\/tags?post=12699"}],"curies":[{"name":"wp","href":"https:\/\/api.w.org\/{rel}","templated":true}]}}