{"id":12702,"date":"2021-02-05T13:43:15","date_gmt":"2021-02-05T13:43:15","guid":{"rendered":"https:\/\/oparanews.com.br\/?p=12702"},"modified":"2021-02-05T13:43:15","modified_gmt":"2021-02-05T13:43:15","slug":"mais-34-mil-doses-da-coronavac-devem-chegar-a-alagoas-no-fim-de-semana","status":"publish","type":"post","link":"https:\/\/www.oparanews.com.br\/index.php\/2021\/02\/05\/mais-34-mil-doses-da-coronavac-devem-chegar-a-alagoas-no-fim-de-semana\/","title":{"rendered":"Mais 34 mil doses da Coronavac devem chegar a Alagoas no fim de semana"},"content":{"rendered":"<p>Mais 34 mil doses da vacina Coronavac devem chegar a Alagoas no fim de semana. O an\u00fancio foi feito pelo governador Renan Filho (MDB) em suas redes sociais nesta sexta-feira (5). Com isso, o estado deve seguir vacinando profissionais da sa\u00fade que atuam na linha de frente da Covid-19 e os idosos.<\/p>\n<p>\u201cN\u00f3s vamos receber durante o fim de semana mais 34 mil doses da vacina Coronavac. Isso vai permitir que n\u00f3s possamos dar seguimento ao processo de vacina\u00e7\u00e3o em Alagoas que j\u00e1 se destaca como um dos mais \u00e1geis do pa\u00eds. J\u00e1 vacinamos mais de 60 mil pessoas, praticamente todos os idosos acima de 85 anos, praticamente todos os profissionais da sa\u00fade. E vamos seguir vacinando esses profissionais que atuam na linha de frente de combate ao coronav\u00edrus&#8221;, disse o governador.<\/p>\n<p>Renan Filho informou ainda que est\u00e1 avaliando a possibilidade de ampliar a vacina\u00e7\u00e3o para os idosos.<\/p>\n<p>\u201cAssim que a vacina chegar, n\u00f3s vamos anunciar a nova faixa et\u00e1ria de vacina\u00e7\u00e3o para que possamos vacinar a todos desse p\u00fablico. Por exemplo, vamos dizer que destinemos 20 mil doses aos idosos. A\u00ed vamos ver a quantidade de doses para esse p\u00fablico. Agora, provavelmente, vamos continuar vacinando as pessoas que tem 83, 84 e, possivelmente, 82 anos\u201d, disse.<\/p>\n<p>&nbsp;<\/p>\n<p><strong>Fonte: G1\/AL<\/strong><\/p>\n<p>&nbsp;<\/p>\n","protected":false},"excerpt":{"rendered":"<p>Mais 34 mil doses da vacina Coronavac devem chegar a Alagoas no fim de semana. O an\u00fancio foi feito pelo governador Renan Filho (MDB) em suas redes sociais nesta sexta-feira (5). Com isso, o estado deve seguir vacinando profissionais da sa\u00fade que atuam na linha de frente da Covid-19 e os idosos. \u201cN\u00f3s vamos receber &hellip;<\/p>\n","protected":false},"author":1,"featured_media":12703,"comment_status":"closed","ping_status":"closed","sticky":false,"template":"","format":"standard","meta":{"_jetpack_newsletter_access":"","_jetpack_dont_email_post_to_subs":false,"_jetpack_newsletter_tier_id":0,"_jetpack_memberships_contains_paywalled_content":false,"_jetpack_memberships_contains_paid_content":false,"footnotes":""},"categories":[1],"tags":[],"class_list":["post-12702","post","type-post","status-publish","format-standard","has-post-thumbnail","hentry","category-destaque"],"jetpack_sharing_enabled":true,"jetpack_featured_media_url":"","_links":{"self":[{"href":"https:\/\/www.oparanews.com.br\/index.php\/wp-json\/wp\/v2\/posts\/12702","targetHints":{"allow":["GET"]}}],"collection":[{"href":"https:\/\/www.oparanews.com.br\/index.php\/wp-json\/wp\/v2\/posts"}],"about":[{"href":"https:\/\/www.oparanews.com.br\/index.php\/wp-json\/wp\/v2\/types\/post"}],"author":[{"embeddable":true,"href":"https:\/\/www.oparanews.com.br\/index.php\/wp-json\/wp\/v2\/users\/1"}],"replies":[{"embeddable":true,"href":"https:\/\/www.oparanews.com.br\/index.php\/wp-json\/wp\/v2\/comments?post=12702"}],"version-history":[{"count":0,"href":"https:\/\/www.oparanews.com.br\/index.php\/wp-json\/wp\/v2\/posts\/12702\/revisions"}],"wp:attachment":[{"href":"https:\/\/www.oparanews.com.br\/index.php\/wp-json\/wp\/v2\/media?parent=12702"}],"wp:term":[{"taxonomy":"category","embeddable":true,"href":"https:\/\/www.oparanews.com.br\/index.php\/wp-json\/wp\/v2\/categories?post=12702"},{"taxonomy":"post_tag","embeddable":true,"href":"https:\/\/www.oparanews.com.br\/index.php\/wp-json\/wp\/v2\/tags?post=12702"}],"curies":[{"name":"wp","href":"https:\/\/api.w.org\/{rel}","templated":true}]}}