{"id":12708,"date":"2021-02-05T13:52:26","date_gmt":"2021-02-05T13:52:26","guid":{"rendered":"https:\/\/oparanews.com.br\/?p=12708"},"modified":"2021-02-05T13:52:26","modified_gmt":"2021-02-05T13:52:26","slug":"fabricante-diz-que-ivermectina-nao-e-eficaz-para-covid","status":"publish","type":"post","link":"https:\/\/www.oparanews.com.br\/index.php\/2021\/02\/05\/fabricante-diz-que-ivermectina-nao-e-eficaz-para-covid\/","title":{"rendered":"Fabricante diz que ivermectina n\u00e3o \u00e9 eficaz para Covid"},"content":{"rendered":"<p>A farmac\u00eautica Merck, respons\u00e1vel pela fabrica\u00e7\u00e3o da ivermectina, informou em comunicado na quinta-feira (4) (veja abaixo) que n\u00e3o h\u00e1 dados dispon\u00edveis que sustentem a efic\u00e1cia do medicamento contra a Covid-19. A ivermectina \u00e9 um verm\u00edfugo usado para promover a elimina\u00e7\u00e3o de v\u00e1rios parasitas do corpo.<\/p>\n<p>A empresa destaca tr\u00eas pontos da an\u00e1lise:<\/p>\n<p>* N\u00e3o h\u00e1 base cient\u00edfica para um potencial efeito terap\u00eautico contra Covid-19 em estudos pr\u00e9-cl\u00ednicos;<br \/>\n* N\u00e3o h\u00e1 evid\u00eancia significativa para atividade cl\u00ednica em pacientes com a doen\u00e7a;<br \/>\n* E h\u00e1 uma preocupante aus\u00eancia de dados sobre seguran\u00e7a da subst\u00e2ncia na maioria dos estudos.<\/p>\n<p>&#8220;N\u00e3o acreditamos que os dados dispon\u00edveis sustentem a seguran\u00e7a e a efic\u00e1cia da ivermectina al\u00e9m das doses e dos grupos indicados nas informa\u00e7\u00f5es de prescri\u00e7\u00e3o aprovadas por ag\u00eancias regulat\u00f3rias&#8221;, diz o comunicado.<\/p>\n<p>Segundo a Merck, os cientistas seguem examinando cuidadosamente as descobertas de todos os estudos dispon\u00edveis.<\/p>\n<p>&nbsp;<\/p>\n<p><strong>Fonte: G1<\/strong><\/p>\n<p>&nbsp;<\/p>\n","protected":false},"excerpt":{"rendered":"<p>A farmac\u00eautica Merck, respons\u00e1vel pela fabrica\u00e7\u00e3o da ivermectina, informou em comunicado na quinta-feira (4) (veja abaixo) que n\u00e3o h\u00e1 dados dispon\u00edveis que sustentem a efic\u00e1cia do medicamento contra a Covid-19. A ivermectina \u00e9 um verm\u00edfugo usado para promover a elimina\u00e7\u00e3o de v\u00e1rios parasitas do corpo. A empresa destaca tr\u00eas pontos da an\u00e1lise: * N\u00e3o h\u00e1 &hellip;<\/p>\n","protected":false},"author":1,"featured_media":12709,"comment_status":"closed","ping_status":"closed","sticky":false,"template":"","format":"standard","meta":{"_jetpack_newsletter_access":"","_jetpack_dont_email_post_to_subs":false,"_jetpack_newsletter_tier_id":0,"_jetpack_memberships_contains_paywalled_content":false,"_jetpack_memberships_contains_paid_content":false,"footnotes":""},"categories":[1],"tags":[],"class_list":["post-12708","post","type-post","status-publish","format-standard","has-post-thumbnail","hentry","category-destaque"],"jetpack_sharing_enabled":true,"jetpack_featured_media_url":"","_links":{"self":[{"href":"https:\/\/www.oparanews.com.br\/index.php\/wp-json\/wp\/v2\/posts\/12708","targetHints":{"allow":["GET"]}}],"collection":[{"href":"https:\/\/www.oparanews.com.br\/index.php\/wp-json\/wp\/v2\/posts"}],"about":[{"href":"https:\/\/www.oparanews.com.br\/index.php\/wp-json\/wp\/v2\/types\/post"}],"author":[{"embeddable":true,"href":"https:\/\/www.oparanews.com.br\/index.php\/wp-json\/wp\/v2\/users\/1"}],"replies":[{"embeddable":true,"href":"https:\/\/www.oparanews.com.br\/index.php\/wp-json\/wp\/v2\/comments?post=12708"}],"version-history":[{"count":0,"href":"https:\/\/www.oparanews.com.br\/index.php\/wp-json\/wp\/v2\/posts\/12708\/revisions"}],"wp:attachment":[{"href":"https:\/\/www.oparanews.com.br\/index.php\/wp-json\/wp\/v2\/media?parent=12708"}],"wp:term":[{"taxonomy":"category","embeddable":true,"href":"https:\/\/www.oparanews.com.br\/index.php\/wp-json\/wp\/v2\/categories?post=12708"},{"taxonomy":"post_tag","embeddable":true,"href":"https:\/\/www.oparanews.com.br\/index.php\/wp-json\/wp\/v2\/tags?post=12708"}],"curies":[{"name":"wp","href":"https:\/\/api.w.org\/{rel}","templated":true}]}}