{"id":12714,"date":"2021-02-05T13:55:44","date_gmt":"2021-02-05T13:55:44","guid":{"rendered":"https:\/\/oparanews.com.br\/?p=12714"},"modified":"2021-02-05T13:55:44","modified_gmt":"2021-02-05T13:55:44","slug":"em-24h-al-dobra-numero-de-internacoes-por-covid-19-e-secretario-faz-alerta-a-populacao","status":"publish","type":"post","link":"https:\/\/www.oparanews.com.br\/index.php\/2021\/02\/05\/em-24h-al-dobra-numero-de-internacoes-por-covid-19-e-secretario-faz-alerta-a-populacao\/","title":{"rendered":"Em 24h, AL dobra n\u00famero de interna\u00e7\u00f5es por Covid-19 e secret\u00e1rio faz alerta \u00e0 popula\u00e7\u00e3o"},"content":{"rendered":"<p>Em 24 horas, a Rede Hospital P\u00fablica de Alagoas registrou a interna\u00e7\u00e3o de 42 novos pacientes com Covid-19, o que representa o dobro da m\u00e9dia di\u00e1ria dos \u00faltimos dias. Diante desta realidade, o secret\u00e1rio de Estado da Sa\u00fade, Alexandre Ayres, fez um alerta em suas redes sociais, apelando \u00e0 popula\u00e7\u00e3o alagoana para que colabore com as medidas de preven\u00e7\u00e3o, evitando o colapso do sistema de sa\u00fade p\u00fablico alagoano.<\/p>\n<p>De acordo com Ayres, a Secretaria de Estado da Sa\u00fade (Sesau) vem realizando a sua parte no enfrentamento \u00e0 Covid-19, mas os alagoanos devem dar a sua contrapartida. \u201cSeja mantendo o distanciamento social, usando m\u00e1scara ao sair, evitando aglomera\u00e7\u00f5es, lavando as m\u00e3os com \u00e1gua e sab\u00e3o ou usando \u00e1lcool em gel. \u00c9 necess\u00e1rio a consci\u00eancia de cada cidad\u00e3o\u201d, ressaltou.<\/p>\n<p>Conforme o \u00faltimo Relat\u00f3rio de Leitos emitido pela Sesau, dos 728 leitos exclusivos para o tratamento de pacientes com a Covid-19 na Rede P\u00fablica de Alagoas, 340 est\u00e3o ocupados, o que indica uma taxa de 47%. Quanto aos leitos de Unidade de Terapia Intensiva (UTI), dos 224 dispon\u00edveis, 111 est\u00e3o preenchidos, revelando uma taxa de ocupa\u00e7\u00e3o de 50%.<\/p>\n<p>J\u00e1 com rela\u00e7\u00e3o aos leitos cl\u00ednicos, a taxa de ocupa\u00e7\u00e3o \u00e9 de 47%, uma vez que, dos 471 leitos existentes, 223 est\u00e3o ocupados. E com ela\u00e7\u00e3o aos 257 leitos com respirador (UTIs e leitos intermedi\u00e1rios), a taxa de ocupa\u00e7\u00e3o \u00e9 de 46%, j\u00e1 que 117 deles est\u00e3o sendo utilizados por pacientes em tratamento da Covid-19.<\/p>\n<p>&nbsp;<\/p>\n<p><strong>Fonte: Ag\u00eancia Alagoas<\/strong><\/p>\n<p>&nbsp;<\/p>\n","protected":false},"excerpt":{"rendered":"<p>Em 24 horas, a Rede Hospital P\u00fablica de Alagoas registrou a interna\u00e7\u00e3o de 42 novos pacientes com Covid-19, o que representa o dobro da m\u00e9dia di\u00e1ria dos \u00faltimos dias. Diante desta realidade, o secret\u00e1rio de Estado da Sa\u00fade, Alexandre Ayres, fez um alerta em suas redes sociais, apelando \u00e0 popula\u00e7\u00e3o alagoana para que colabore com &hellip;<\/p>\n","protected":false},"author":1,"featured_media":12715,"comment_status":"closed","ping_status":"closed","sticky":false,"template":"","format":"standard","meta":{"_jetpack_newsletter_access":"","_jetpack_dont_email_post_to_subs":false,"_jetpack_newsletter_tier_id":0,"_jetpack_memberships_contains_paywalled_content":false,"_jetpack_memberships_contains_paid_content":false,"footnotes":""},"categories":[1],"tags":[],"class_list":["post-12714","post","type-post","status-publish","format-standard","has-post-thumbnail","hentry","category-destaque"],"jetpack_sharing_enabled":true,"jetpack_featured_media_url":"","_links":{"self":[{"href":"https:\/\/www.oparanews.com.br\/index.php\/wp-json\/wp\/v2\/posts\/12714","targetHints":{"allow":["GET"]}}],"collection":[{"href":"https:\/\/www.oparanews.com.br\/index.php\/wp-json\/wp\/v2\/posts"}],"about":[{"href":"https:\/\/www.oparanews.com.br\/index.php\/wp-json\/wp\/v2\/types\/post"}],"author":[{"embeddable":true,"href":"https:\/\/www.oparanews.com.br\/index.php\/wp-json\/wp\/v2\/users\/1"}],"replies":[{"embeddable":true,"href":"https:\/\/www.oparanews.com.br\/index.php\/wp-json\/wp\/v2\/comments?post=12714"}],"version-history":[{"count":0,"href":"https:\/\/www.oparanews.com.br\/index.php\/wp-json\/wp\/v2\/posts\/12714\/revisions"}],"wp:attachment":[{"href":"https:\/\/www.oparanews.com.br\/index.php\/wp-json\/wp\/v2\/media?parent=12714"}],"wp:term":[{"taxonomy":"category","embeddable":true,"href":"https:\/\/www.oparanews.com.br\/index.php\/wp-json\/wp\/v2\/categories?post=12714"},{"taxonomy":"post_tag","embeddable":true,"href":"https:\/\/www.oparanews.com.br\/index.php\/wp-json\/wp\/v2\/tags?post=12714"}],"curies":[{"name":"wp","href":"https:\/\/api.w.org\/{rel}","templated":true}]}}