{"id":12722,"date":"2021-02-06T20:14:23","date_gmt":"2021-02-06T20:14:23","guid":{"rendered":"https:\/\/oparanews.com.br\/?p=12722"},"modified":"2021-02-06T20:14:23","modified_gmt":"2021-02-06T20:14:23","slug":"pfizer-pede-a-anvisa-registro-definitivo","status":"publish","type":"post","link":"https:\/\/www.oparanews.com.br\/index.php\/2021\/02\/06\/pfizer-pede-a-anvisa-registro-definitivo\/","title":{"rendered":"Pfizer pede \u00e0 Anvisa registro definitivo"},"content":{"rendered":"<p>A Pfizer enviou, neste s\u00e1bado, pedido de registro definitivo de sua vacina contra a Covid-19 no Brasil \u00e0 Ag\u00eancia Nacional de Vigil\u00e2ncia Sanit\u00e1ria (Anvisa). Caso a ag\u00eancia d\u00ea o aval \u00e0 empresa, o imunizante, que a farmac\u00eautica desenvolve com a alem\u00e3 BioNTech, poder\u00e1 ser distribu\u00eddo amplamente e comercializado no pa\u00eds.<\/p>\n<p>O prazo estimado pela Anvisa para an\u00e1lise do processo de registro \u00e9 de 60 dias. Atualmente, a Pfizer \u00e9 um dos quatro laborat\u00f3rios que desenvolvem estudos de fase 3 no Brasil. Os ensaios s\u00e3o desenvolvidos em S\u00e3o Paulo e Salvador com a participa\u00e7\u00e3o de 2.900 volunt\u00e1rios.<\/p>\n<p>A farmac\u00eautica tem sido alvo de cr\u00edticas constantes por parte do Minist\u00e9rio da Sa\u00fade, que n\u00e3o avan\u00e7ou nas negocia\u00e7\u00f5es para compra do imunizante. Em nota, a pasta afirmou que tem memorando de entendimento com a empresa e &#8220;aguarda envio, por parte da farmac\u00eautica, das minutas de contrato e cronogramas de entrega das doses para dar seguimento \u00e0s negocia\u00e7\u00f5es.&#8221;<\/p>\n<p>&nbsp;<\/p>\n<p><strong>Fonte: O Globo<\/strong><\/p>\n<p>&nbsp;<\/p>\n","protected":false},"excerpt":{"rendered":"<p>A Pfizer enviou, neste s\u00e1bado, pedido de registro definitivo de sua vacina contra a Covid-19 no Brasil \u00e0 Ag\u00eancia Nacional de Vigil\u00e2ncia Sanit\u00e1ria (Anvisa). Caso a ag\u00eancia d\u00ea o aval \u00e0 empresa, o imunizante, que a farmac\u00eautica desenvolve com a alem\u00e3 BioNTech, poder\u00e1 ser distribu\u00eddo amplamente e comercializado no pa\u00eds. O prazo estimado pela Anvisa &hellip;<\/p>\n","protected":false},"author":1,"featured_media":12723,"comment_status":"closed","ping_status":"closed","sticky":false,"template":"","format":"standard","meta":{"_jetpack_newsletter_access":"","_jetpack_dont_email_post_to_subs":false,"_jetpack_newsletter_tier_id":0,"_jetpack_memberships_contains_paywalled_content":false,"_jetpack_memberships_contains_paid_content":false,"footnotes":""},"categories":[1],"tags":[],"class_list":["post-12722","post","type-post","status-publish","format-standard","has-post-thumbnail","hentry","category-destaque"],"jetpack_sharing_enabled":true,"jetpack_featured_media_url":"","_links":{"self":[{"href":"https:\/\/www.oparanews.com.br\/index.php\/wp-json\/wp\/v2\/posts\/12722","targetHints":{"allow":["GET"]}}],"collection":[{"href":"https:\/\/www.oparanews.com.br\/index.php\/wp-json\/wp\/v2\/posts"}],"about":[{"href":"https:\/\/www.oparanews.com.br\/index.php\/wp-json\/wp\/v2\/types\/post"}],"author":[{"embeddable":true,"href":"https:\/\/www.oparanews.com.br\/index.php\/wp-json\/wp\/v2\/users\/1"}],"replies":[{"embeddable":true,"href":"https:\/\/www.oparanews.com.br\/index.php\/wp-json\/wp\/v2\/comments?post=12722"}],"version-history":[{"count":0,"href":"https:\/\/www.oparanews.com.br\/index.php\/wp-json\/wp\/v2\/posts\/12722\/revisions"}],"wp:attachment":[{"href":"https:\/\/www.oparanews.com.br\/index.php\/wp-json\/wp\/v2\/media?parent=12722"}],"wp:term":[{"taxonomy":"category","embeddable":true,"href":"https:\/\/www.oparanews.com.br\/index.php\/wp-json\/wp\/v2\/categories?post=12722"},{"taxonomy":"post_tag","embeddable":true,"href":"https:\/\/www.oparanews.com.br\/index.php\/wp-json\/wp\/v2\/tags?post=12722"}],"curies":[{"name":"wp","href":"https:\/\/api.w.org\/{rel}","templated":true}]}}