{"id":12725,"date":"2021-02-06T20:16:57","date_gmt":"2021-02-06T20:16:57","guid":{"rendered":"https:\/\/oparanews.com.br\/?p=12725"},"modified":"2021-02-06T20:16:57","modified_gmt":"2021-02-06T20:16:57","slug":"apos-casos-suspeitos-de-covid-quatro-escolas-suspendem-aulas-presenciais-em-maceio","status":"publish","type":"post","link":"https:\/\/www.oparanews.com.br\/index.php\/2021\/02\/06\/apos-casos-suspeitos-de-covid-quatro-escolas-suspendem-aulas-presenciais-em-maceio\/","title":{"rendered":"Ap\u00f3s casos suspeitos de Covid, quatro escolas suspendem aulas presenciais em Macei\u00f3"},"content":{"rendered":"<p>Alunos do ensino fundamental e m\u00e9dio de escolas particulares do Estado retomaram as aulas presenciais na \u00faltima segunda-feira, 1\u00ba. Por\u00e9m, nesta semana, ao menos quatro unidades de ensino j\u00e1 registraram casos de estudantes com suspeita de Covid-19. Para evitar a contamina\u00e7\u00e3o, as escolas decidiram pela volta da educa\u00e7\u00e3o remota para essas turmas, por um prazo de 14 dias.<\/p>\n<p>A situa\u00e7\u00e3o tem preocupado os pais dos alunos, como tamb\u00e9m o Sindicato dos Professores (Sinpro), que j\u00e1 comunicou o caso ao Minist\u00e9rio P\u00fablico do Trabalho (MPT), e pede fiscaliza\u00e7\u00e3o.<\/p>\n<p>Em entrevista ao programa Cidade Alerta Alagoas, da TV Paju\u00e7ara, o presidente do Sinpro, Eduardo Vasconcelos, pede o cumprimento das medidas sanit\u00e1rias de seguran\u00e7a para que novos casos n\u00e3o apare\u00e7am.<\/p>\n<p>&#8220;O grande problema agora \u00e9 a quest\u00e3o de testagem e apertar a fiscaliza\u00e7\u00e3o. Muitas escolas est\u00e3o fazendo perfeitamente, e podem ser prejudicadas por uma minoria que infelizmente n\u00e3o querem cumprir, inclusive muitos pais, que n\u00e3o cumprem o protocolo&#8221;, disse.<\/p>\n<p>A volta das aulas foi autorizada por um decreto do Governo do Estado no fim de dezembro, mas para as unidades funcionarem, elas devem seguir uma s\u00e9rie de protocolos de seguran\u00e7a.<\/p>\n<p>&#8220;Pode n\u00e3o ser, mas isso pode se propagar, \u00e9 mais agravante ainda. Ao inv\u00e9s do controle, vem o descontrole, possivelmente, e \u00e9 isso que a gente n\u00e3o quer [&#8230;] \u00c9 lembrar que no m\u00eas que vem teremos a abertura das escolas p\u00fablicas, e temos hoje um ensaio do que pode vir l\u00e1 na frente&#8221;, continuou Vasconcelos.<\/p>\n<p>Os casos de alunos com Covid-19 nessas escolas ainda est\u00e3o sob investiga\u00e7\u00e3o. Mesmo sem ter a confirma\u00e7\u00e3o, as unidades decidiram pela suspens\u00e3o das aulas presenciais para essas turmas por 14 dias. Em nota, alguns estabelecimentos informaram que os alunos n\u00e3o ter\u00e3o preju\u00edzos pedag\u00f3gicos, j\u00e1 que os estudantes podem acompanhar as aulas de maneira remota.<\/p>\n<p>&nbsp;<\/p>\n<p><strong>Fonte: TNH1<\/strong><\/p>\n<p>&nbsp;<\/p>\n","protected":false},"excerpt":{"rendered":"<p>Alunos do ensino fundamental e m\u00e9dio de escolas particulares do Estado retomaram as aulas presenciais na \u00faltima segunda-feira, 1\u00ba. Por\u00e9m, nesta semana, ao menos quatro unidades de ensino j\u00e1 registraram casos de estudantes com suspeita de Covid-19. Para evitar a contamina\u00e7\u00e3o, as escolas decidiram pela volta da educa\u00e7\u00e3o remota para essas turmas, por um prazo &hellip;<\/p>\n","protected":false},"author":1,"featured_media":12726,"comment_status":"closed","ping_status":"closed","sticky":false,"template":"","format":"standard","meta":{"_jetpack_newsletter_access":"","_jetpack_dont_email_post_to_subs":false,"_jetpack_newsletter_tier_id":0,"_jetpack_memberships_contains_paywalled_content":false,"_jetpack_memberships_contains_paid_content":false,"footnotes":""},"categories":[1],"tags":[],"class_list":["post-12725","post","type-post","status-publish","format-standard","has-post-thumbnail","hentry","category-destaque"],"jetpack_sharing_enabled":true,"jetpack_featured_media_url":"","_links":{"self":[{"href":"https:\/\/www.oparanews.com.br\/index.php\/wp-json\/wp\/v2\/posts\/12725","targetHints":{"allow":["GET"]}}],"collection":[{"href":"https:\/\/www.oparanews.com.br\/index.php\/wp-json\/wp\/v2\/posts"}],"about":[{"href":"https:\/\/www.oparanews.com.br\/index.php\/wp-json\/wp\/v2\/types\/post"}],"author":[{"embeddable":true,"href":"https:\/\/www.oparanews.com.br\/index.php\/wp-json\/wp\/v2\/users\/1"}],"replies":[{"embeddable":true,"href":"https:\/\/www.oparanews.com.br\/index.php\/wp-json\/wp\/v2\/comments?post=12725"}],"version-history":[{"count":0,"href":"https:\/\/www.oparanews.com.br\/index.php\/wp-json\/wp\/v2\/posts\/12725\/revisions"}],"wp:attachment":[{"href":"https:\/\/www.oparanews.com.br\/index.php\/wp-json\/wp\/v2\/media?parent=12725"}],"wp:term":[{"taxonomy":"category","embeddable":true,"href":"https:\/\/www.oparanews.com.br\/index.php\/wp-json\/wp\/v2\/categories?post=12725"},{"taxonomy":"post_tag","embeddable":true,"href":"https:\/\/www.oparanews.com.br\/index.php\/wp-json\/wp\/v2\/tags?post=12725"}],"curies":[{"name":"wp","href":"https:\/\/api.w.org\/{rel}","templated":true}]}}