{"id":12731,"date":"2021-02-06T20:22:48","date_gmt":"2021-02-06T20:22:48","guid":{"rendered":"https:\/\/oparanews.com.br\/?p=12731"},"modified":"2021-02-06T20:22:48","modified_gmt":"2021-02-06T20:22:48","slug":"cantor-do-carrapicho-morre-vitima-de-covid-19","status":"publish","type":"post","link":"https:\/\/www.oparanews.com.br\/index.php\/2021\/02\/06\/cantor-do-carrapicho-morre-vitima-de-covid-19\/","title":{"rendered":"Cantor do Carrapicho morre v\u00edtima de Covid-19"},"content":{"rendered":"<p>Morreu, neste s\u00e1bado (6), o cantor amazonense Zezinho Corr\u00eaa. Ele estava internado em um hospital particular de Manaus, ap\u00f3s testar positivo para a Covid-19. O cantor ficou famoso nos anos 90 com o hit \u2018Tic Tic Tac\u2019, do grupo Carrapicho.<\/p>\n<p>Com o agravamento da infec\u00e7\u00e3o ocasionada pela doen\u00e7a, o cantor chegou a ser intubado e tamb\u00e9m sofreu uma traqueostomia.<\/p>\n<p>Zezinho estava internado desde o dia 5 de janeiro, ap\u00f3s sentir febre e dores no corpo. No dia 7, foi transferido para um leito de UTI para dar continuidade ao tratamento. A morte dele foi confirmada por familiares na manh\u00e3 deste s\u00e1bado.<\/p>\n<p>Trajet\u00f3ria<\/p>\n<p>Jos\u00e9 Maria Nunes Corr\u00eaa, natural da comunidade de Imperatriz, em Carauari, ficou conhecido nacionalmente e internacionalmente ap\u00f3s o sucesso &#8220;Tic Tic Tac&#8221;, na d\u00e9cada de 1990, quando liderava a banda Carrapicho.<\/p>\n<p>Antes de se dedicar \u00e0 carreira de cantor, Zezinho tamb\u00e9m fez curso de forma\u00e7\u00e3o de atores, no Rio de Janeiro, e estudou interpreta\u00e7\u00e3o e dan\u00e7a. Como ator, Zezinho Corr\u00eaa fez parte do Grupo de Teatro Experimental do Sesc.<\/p>\n<p>Zezinho tamb\u00e9m investiu em carreira solo, produzindo projetos musicais. Entre os destaques est\u00e3o a sua participa\u00e7\u00e3o no musical \u201cBoi de Pano\u201d, durante o Festival Amazonas de \u00d3pera de 2000; a grava\u00e7\u00e3o do seu CD solo no ano de 2001, no Teatro Amazonas e a participa\u00e7\u00e3o no musical de Natal \u201cCeci e a Estrela\u201d, em 2017.<\/p>\n<p>No dia 21 de dezembro de 2020, o cantor subiu ao palco do Teatro Manauara com o show &#8220;Banho de Frevo &#8211; Zezinho Corr\u00eaa canta Elba Ramalho&#8221;; e no dia 28 de dezembro, o cantor participou do lan\u00e7amento online do livro \u201cEu Quero \u00e9 Tic, Tic, Tac\u201d, escrito pelo jornalista e produtor cultural Fabr\u00edcio Nunes em homenagem \u00e0 carreira de Zezinho. O lan\u00e7amento foi transmitido do Centro Cultural Pal\u00e1cio Rio Negro.<\/p>\n<p>&nbsp;<\/p>\n<p><strong>Fonte: G1<\/strong><\/p>\n<p>&nbsp;<\/p>\n","protected":false},"excerpt":{"rendered":"<p>Morreu, neste s\u00e1bado (6), o cantor amazonense Zezinho Corr\u00eaa. Ele estava internado em um hospital particular de Manaus, ap\u00f3s testar positivo para a Covid-19. O cantor ficou famoso nos anos 90 com o hit \u2018Tic Tic Tac\u2019, do grupo Carrapicho. Com o agravamento da infec\u00e7\u00e3o ocasionada pela doen\u00e7a, o cantor chegou a ser intubado e &hellip;<\/p>\n","protected":false},"author":1,"featured_media":12732,"comment_status":"closed","ping_status":"closed","sticky":false,"template":"","format":"standard","meta":{"_jetpack_newsletter_access":"","_jetpack_dont_email_post_to_subs":false,"_jetpack_newsletter_tier_id":0,"_jetpack_memberships_contains_paywalled_content":false,"_jetpack_memberships_contains_paid_content":false,"footnotes":""},"categories":[1],"tags":[],"class_list":["post-12731","post","type-post","status-publish","format-standard","has-post-thumbnail","hentry","category-destaque"],"jetpack_sharing_enabled":true,"jetpack_featured_media_url":"","_links":{"self":[{"href":"https:\/\/www.oparanews.com.br\/index.php\/wp-json\/wp\/v2\/posts\/12731","targetHints":{"allow":["GET"]}}],"collection":[{"href":"https:\/\/www.oparanews.com.br\/index.php\/wp-json\/wp\/v2\/posts"}],"about":[{"href":"https:\/\/www.oparanews.com.br\/index.php\/wp-json\/wp\/v2\/types\/post"}],"author":[{"embeddable":true,"href":"https:\/\/www.oparanews.com.br\/index.php\/wp-json\/wp\/v2\/users\/1"}],"replies":[{"embeddable":true,"href":"https:\/\/www.oparanews.com.br\/index.php\/wp-json\/wp\/v2\/comments?post=12731"}],"version-history":[{"count":0,"href":"https:\/\/www.oparanews.com.br\/index.php\/wp-json\/wp\/v2\/posts\/12731\/revisions"}],"wp:attachment":[{"href":"https:\/\/www.oparanews.com.br\/index.php\/wp-json\/wp\/v2\/media?parent=12731"}],"wp:term":[{"taxonomy":"category","embeddable":true,"href":"https:\/\/www.oparanews.com.br\/index.php\/wp-json\/wp\/v2\/categories?post=12731"},{"taxonomy":"post_tag","embeddable":true,"href":"https:\/\/www.oparanews.com.br\/index.php\/wp-json\/wp\/v2\/tags?post=12731"}],"curies":[{"name":"wp","href":"https:\/\/api.w.org\/{rel}","templated":true}]}}