{"id":12734,"date":"2021-02-06T20:28:16","date_gmt":"2021-02-06T20:28:16","guid":{"rendered":"https:\/\/oparanews.com.br\/?p=12734"},"modified":"2021-02-06T20:28:16","modified_gmt":"2021-02-06T20:28:16","slug":"brasil-levaria-mais-de-4-anos-para-vacinar-toda-a-populacao","status":"publish","type":"post","link":"https:\/\/www.oparanews.com.br\/index.php\/2021\/02\/06\/brasil-levaria-mais-de-4-anos-para-vacinar-toda-a-populacao\/","title":{"rendered":"Brasil levaria mais de 4 anos para vacinar toda a popula\u00e7\u00e3o"},"content":{"rendered":"<p>No ritmo em que a vacina\u00e7\u00e3o contra a covid-19 \u00e9 conduzida no Brasil, o Pa\u00eds levaria mais de quatro anos para ter toda a sua popula\u00e7\u00e3o imunizada. O c\u00e1lculo \u00e9 do microbiologista da Universidade de S\u00e3o Paulo (USP) Luiz Gustavo de Almeida. Ele lembrou que, durante a campanha de vacina\u00e7\u00e3o contra a gripe em mar\u00e7o do ano passado, j\u00e1 em plena pandemia do novo coronav\u00edrus, os brasileiros vacinavam at\u00e9 um milh\u00e3o de pessoas por dia. Atualmente, a m\u00e9dia de imuniza\u00e7\u00f5es di\u00e1rias \u00e9 de um quinto disso, 200 mil pessoas.<\/p>\n<p>Para fazer os c\u00e1lculos, Almeida baseou-se no n\u00famero total de brasileiros a serem vacinados (160 milh\u00f5es, segundo o IBGE, j\u00e1 que os menores de 18 anos n\u00e3o ser\u00e3o imunizados agora). Para cobrir esse p\u00fablico-alvo no atual ritmo, seriam necess\u00e1rios de quatro anos e meio a cinco anos, considerando que os imunizantes usados no Brasil devem ser aplicados em duas doses.<\/p>\n<p>&#8220;Este ritmo \u00e9 lament\u00e1vel&#8221;, afirmou o especialista. &#8220;J\u00e1 em plena pandemia de covid, conseguimos vacinar 54 milh\u00f5es de pessoas contra a gripe em cem dias, sem grandes esfor\u00e7os. No caso da covid, dever\u00edamos conseguir no m\u00ednimo o mesmo n\u00famero; idealmente mais, se abr\u00edssemos postos de vacina\u00e7\u00e3o em est\u00e1dios e escolas.&#8221;<\/p>\n<p>A escassez de vacinas \u00e9 apontada por especialistas como a maior causa da lentid\u00e3o do processo, que j\u00e1 come\u00e7ou depois de cerca de 50 outros pa\u00edses. Por causa do n\u00famero muito reduzido de doses, foi preciso estabelecer prioridades. Foi limitada a quantidade de pessoas que poderiam ser vacinadas por dia. Al\u00e9m disso, na aus\u00eancia de uma coordena\u00e7\u00e3o nacional por parte do governo federal, cada Estado definiu estrat\u00e9gias e cronogramas diferentes. Em Manaus, por exemplo, a vacina\u00e7\u00e3o teve de ser interrompida ap\u00f3s den\u00fancias de fraudes no acesso \u00e0 fila.<\/p>\n<p>&#8220;Um dos grandes gargalos \u00e9 a quest\u00e3o das prioridades&#8221;, explicou o epidemiologista Fernando Barros, da Universidade Federal de Pelotas (UFPel). &#8220;Se tivesse vacina para todo mundo, era muito mais simples vacinar um milh\u00e3o por dia. Se tivesse muita vacina, ningu\u00e9m ia furar a fila, como aconteceu em Manaus. Outra coisa, cada um estabeleceu seus crit\u00e9rios; no Rio, por exemplo, teve um dia inteiro para quem tem mais de 99 anos, isso n\u00e3o existe. O que eles querem? Entrar para o livro dos recordes?&#8221;<\/p>\n<p>O Brasil j\u00e1 contabiliza mais de 9,3 milh\u00f5es de casos de covid-19 e quase 230 mil mortes desde o in\u00edcio da epidemia, segundo o cons\u00f3rcio dos ve\u00edculos de imprensa. Nos \u00faltimos sete dias, a m\u00e9dia m\u00f3vel de mortes foi de 1.051. J\u00e1 s\u00e3o 15 dias com essa m\u00e9dia acima da marca de mil. Nesta quinta-feira, 4, o total de vacinados ultrapassou 3 milh\u00f5es.<\/p>\n<p>&#8220;Se n\u00e3o houver um clamor popular, uma grande press\u00e3o para a compra de vacinas, v\u00e3o continuar morrendo mais de mil pessoas por dia&#8221;, afirmou Barros. &#8220;Com a quest\u00e3o das variantes do v\u00edrus, a situa\u00e7\u00e3o pode se agravar e ser\u00e1 ainda mais dif\u00edcil abafar a infec\u00e7\u00e3o. Estou vendo muito pouco movimento para a gravidade da situa\u00e7\u00e3o. O \u00fanico jeito de sairmos dessa situa\u00e7\u00e3o dram\u00e1tica \u00e9 comprar mais vacina. Precisamos de uma quantidade suficiente para deslanchar o programa de imuniza\u00e7\u00e3o.&#8221;<\/p>\n<p>Para o presidente da Sociedade Brasileira de Imuniza\u00e7\u00f5es, Juarez Cunha, \u00e9 poss\u00edvel at\u00e9 mesmo que a campanha brasileira tenha de ser interrompida em breve. &#8220;Na situa\u00e7\u00e3o em que estamos, provavelmente vamos ficar um tempo sem vacinar ningu\u00e9m, uns vinte dias, se n\u00e3o recebermos outras vacinas, at\u00e9 a Fiocruz e o Butantan come\u00e7arem a produzir em larga escala&#8221;, afirmou.<\/p>\n<p>Nesta semana, o Instituto Butantan recebeu outra remessa de insumos da Coronavac e prev\u00ea entregar novas doses prontas at\u00e9 a \u00faltima semana de fevereiro. J\u00e1 a Fiocruz prev\u00ea a entrega no s\u00e1bado, 5, do primeiro lote de mat\u00e9ria-prima do imunizante Oxford\/AstraZeneca, que ser\u00e1 fabricado no Brasil pela funda\u00e7\u00e3o. A previs\u00e3o para repassar as doses prontas para o Minist\u00e9rio da Sa\u00fade, entretanto, \u00e9 somente em mar\u00e7o. O Minist\u00e9rio da Sa\u00fade tem sido pressionado a ampliar a oferta de doses e articula a compra da Sputinik V, vacina russa cujos dados de efic\u00e1cia, superiores a 90%, foram publicados nesta semana.<\/p>\n<p>&#8220;Outra quest\u00e3o \u00e9 a capacita\u00e7\u00e3o de pessoal&#8221;, afirmou Cunha. &#8220;No caso da vacina\u00e7\u00e3o contra a covid, diferentemente do que ocorre na gripe, \u00e9 preciso fazer um registro completo de todo mundo para alimentar a farmacovigil\u00e2ncia. Isso vai provocar um ritmo mais lento.&#8221;<\/p>\n<p>&nbsp;<\/p>\n<p><strong>Fonte: Terra<\/strong><\/p>\n<p>&nbsp;<\/p>\n","protected":false},"excerpt":{"rendered":"<p>No ritmo em que a vacina\u00e7\u00e3o contra a covid-19 \u00e9 conduzida no Brasil, o Pa\u00eds levaria mais de quatro anos para ter toda a sua popula\u00e7\u00e3o imunizada. O c\u00e1lculo \u00e9 do microbiologista da Universidade de S\u00e3o Paulo (USP) Luiz Gustavo de Almeida. Ele lembrou que, durante a campanha de vacina\u00e7\u00e3o contra a gripe em mar\u00e7o &hellip;<\/p>\n","protected":false},"author":1,"featured_media":12735,"comment_status":"closed","ping_status":"closed","sticky":false,"template":"","format":"standard","meta":{"_jetpack_newsletter_access":"","_jetpack_dont_email_post_to_subs":false,"_jetpack_newsletter_tier_id":0,"_jetpack_memberships_contains_paywalled_content":false,"_jetpack_memberships_contains_paid_content":false,"footnotes":""},"categories":[1],"tags":[],"class_list":["post-12734","post","type-post","status-publish","format-standard","has-post-thumbnail","hentry","category-destaque"],"jetpack_sharing_enabled":true,"jetpack_featured_media_url":"","_links":{"self":[{"href":"https:\/\/www.oparanews.com.br\/index.php\/wp-json\/wp\/v2\/posts\/12734","targetHints":{"allow":["GET"]}}],"collection":[{"href":"https:\/\/www.oparanews.com.br\/index.php\/wp-json\/wp\/v2\/posts"}],"about":[{"href":"https:\/\/www.oparanews.com.br\/index.php\/wp-json\/wp\/v2\/types\/post"}],"author":[{"embeddable":true,"href":"https:\/\/www.oparanews.com.br\/index.php\/wp-json\/wp\/v2\/users\/1"}],"replies":[{"embeddable":true,"href":"https:\/\/www.oparanews.com.br\/index.php\/wp-json\/wp\/v2\/comments?post=12734"}],"version-history":[{"count":0,"href":"https:\/\/www.oparanews.com.br\/index.php\/wp-json\/wp\/v2\/posts\/12734\/revisions"}],"wp:attachment":[{"href":"https:\/\/www.oparanews.com.br\/index.php\/wp-json\/wp\/v2\/media?parent=12734"}],"wp:term":[{"taxonomy":"category","embeddable":true,"href":"https:\/\/www.oparanews.com.br\/index.php\/wp-json\/wp\/v2\/categories?post=12734"},{"taxonomy":"post_tag","embeddable":true,"href":"https:\/\/www.oparanews.com.br\/index.php\/wp-json\/wp\/v2\/tags?post=12734"}],"curies":[{"name":"wp","href":"https:\/\/api.w.org\/{rel}","templated":true}]}}