{"id":12740,"date":"2021-02-06T20:33:51","date_gmt":"2021-02-06T20:33:51","guid":{"rendered":"https:\/\/oparanews.com.br\/?p=12740"},"modified":"2021-02-06T20:33:51","modified_gmt":"2021-02-06T20:33:51","slug":"ronaldo-lopes-destaca-programa-cria-durante-solenidade-na-camara-municipal-de-penedo","status":"publish","type":"post","link":"https:\/\/www.oparanews.com.br\/index.php\/2021\/02\/06\/ronaldo-lopes-destaca-programa-cria-durante-solenidade-na-camara-municipal-de-penedo\/","title":{"rendered":"Ronaldo Lopes destaca Programa Cria durante solenidade na C\u00e2mara Municipal de Penedo"},"content":{"rendered":"<p>Penedo ter\u00e1 milhares de crian\u00e7as, m\u00e3es e gestantes beneficiadas pelo Crian\u00e7a Alagoana. Al\u00e9m dos benef\u00edcios para fam\u00edlias em situa\u00e7\u00e3o de pobreza, o Cria coloca dinheiro novo na economia do munic\u00edpio que tamb\u00e9m ganhar\u00e1 creches e investimentos direcionados \u00e0 primeira inf\u00e2ncia.<\/p>\n<p>Os avan\u00e7os do projeto do Governo de Alagoas para Penedo foram destacados por Ronaldo Lopes na abertura do ano legislativo 2021.<\/p>\n<p>\u201cEsse programa n\u00e3o s\u00f3 prev\u00ea isso que est\u00e1 sendo mais divulgado, levar cem reais para cada casa que tenha uma crian\u00e7a vulner\u00e1vel\u201d, frisou, referindo-se \u00e0 constru\u00e7\u00e3o e reforma de creches, casas maternais e pra\u00e7as atrav\u00e9s do Cria.<\/p>\n<p>\u201cN\u00f3s j\u00e1 nos habilitamos com terrenos para que possamos fazer as creches dentro desse programa que \u00e9 muito mais abrangente\u201d, explicou, acrescentando que Penedo poder\u00e1 atender mais de 5 mil crian\u00e7as.<\/p>\n<p>O lan\u00e7amento do programa estava previsto para ocorrer na segunda-feira, 08, mas foi adiado para pr\u00f3xima quarta-feira, 10.<\/p>\n<p>Com o Cart\u00e3o Cria, m\u00e3es ir\u00e3o comprar alimentos e itens de higiene pessoal para suas crian\u00e7as. A inclus\u00e3o total injetar\u00e1 mais de quinhentos mil reais por m\u00eas em Penedo, anunciou Ronaldo Lopes durante a sess\u00e3o realizada nessa quinta-feira, 04.<\/p>\n<p>Pela primeira vez, na hist\u00f3ria recente de Penedo, o prefeito atende ao convite dos vereadores para prestigiar a solenidade, sinal de respeito e harmonia entre os Poderes Legislativo e o Executivo.<\/p>\n<p>No plen\u00e1rio, todos os parlamentares destacaram a biografia e as virtudes do filho do m\u00e9dico H\u00e9lio Nogueira Lopes, pol\u00edtico e ex-prefeito, ex-deputado e ex-secret\u00e1rio de sa\u00fade.<\/p>\n<p>As demonstra\u00e7\u00f5es de apoio comprovam o reconhecimento da capacidade de trabalho de Ronaldo Lopes, engenheiro civil com extensa folha de servi\u00e7os prestados ao povo de Penedo e de Alagoas.<\/p>\n<p>Al\u00e9m de vice-prefeito atuante ao longo dos \u00faltimos 8 anos, Ronaldo Lopes tem em seu curr\u00edculo a gest\u00e3o de setores do governo estadual (Cohab, DER, Secretaria Meio Ambiente e Recursos H\u00eddricos) e \u00f3rg\u00e3o federal (5\u00aa SR da Codevasf).<\/p>\n<p>No campo pol\u00edtico, representou Penedo e regi\u00e3o na Assembleia Legislativa Estadual (ALE) e tem portas abertas em Macei\u00f3 e Bras\u00edlia.<\/p>\n<p>Com sua experi\u00eancia e os exemplos que recebeu do Dr. H\u00e9lio Lopes, Ronaldo fez um pronunciamento que destacou a import\u00e2ncia da voca\u00e7\u00e3o pol\u00edtica e da rela\u00e7\u00e3o harm\u00f4nica e independente entre os poderes constitu\u00eddos.<\/p>\n<p><strong>DISCURSO DE ABERTURA DO ANO LEGISLATIVO<\/strong><\/p>\n<p>Senhor Presidente, senhora e senhores vereadores de Penedo, povo penedense presente a esta solenidade e que nos acompanha atrav\u00e9s das redes sociais.<\/p>\n<p>Tenho a honra de participar hoje da abertura dos trabalhos legislativos da C\u00e2mara Municipal de Penedo, cuja fun\u00e7\u00e3o \u00e9 primordial para a forma\u00e7\u00e3o de um estado democr\u00e1tico onde os vereadores s\u00e3o os porta-vozes das aspira\u00e7\u00f5es e dos interesses do nosso povo.<\/p>\n<p>Aprendi com meu pai, H\u00e9lio Lopes, que, de todas as voca\u00e7\u00f5es, a pol\u00edtica \u00e9 a mais nobre. \u00c9 um chamado interior, um chamado por fazer e uma pessoa vocacionada para a pol\u00edtica tem como objetivo construir um mundo melhor.<\/p>\n<p>Para os antigos gregos, de onde vem a palavras pol\u00edtica, que vem de \u201cpolis\u201d e que quer dizer cidade, cidade era um espa\u00e7o seguro e ordenado, onde os homens e mulheres podiam se dedicar \u00e0 busca da felicidade. Assim, a pol\u00edtica seria a miss\u00e3o de cuidar desse espa\u00e7o, e o pol\u00edtico aquele que, por voca\u00e7\u00e3o, estaria a servi\u00e7o dos moradores da cidade.<\/p>\n<p>Ent\u00e3o, posso tranquilamente dizer aos senhores nesse momento em que s\u00e3o abertos os trabalhos do Poder Legislativo, que o que nos une \u00e9 a politica movida pelos bons prop\u00f3sitos porque a voca\u00e7\u00e3o pol\u00edtica \u00e9 transformar sonhos em realidade.<\/p>\n<p>Quem pensa em minutos n\u00e3o tem paci\u00eancia em plantar \u00e1rvores. E n\u00f3s sabemos que plantar e construir s\u00e3o exerc\u00edcios necess\u00e1rios para o projeto que compartilhamos para a nossa cidade. Um grande projeto de revitaliza\u00e7\u00e3o dos espa\u00e7os p\u00fablicos, de investimentos na infraestrutura e de melhorias na educa\u00e7\u00e3o, na sa\u00fade, no crescimento econ\u00f4mico com gera\u00e7\u00e3o de emprego e renda e uma significativa melhoria na qualidade de vida de nossa gente, principalmente naqueles que vivem em nossa cidade em situa\u00e7\u00e3o de pobreza extrema e de vulnerabilidade social.<\/p>\n<p>A evolu\u00e7\u00e3o da sociedade est\u00e1 diretamente ligada \u00e0 evolu\u00e7\u00e3o do servi\u00e7o p\u00fablico, que n\u00e3o \u00e9 est\u00e1tico e sofre transforma\u00e7\u00f5es sociais, econ\u00f4micas e pol\u00edticas. Precisamos modernizar a m\u00e1quina p\u00fablica, melhorar as atividades t\u00edpicas de estado, que na maioria das vezes s\u00e3o onerosas, ineficientes e n\u00e3o promovem o bem estar da popula\u00e7\u00e3o.<\/p>\n<p>Precisamos, atrav\u00e9s de reformas necess\u00e1rias, corrigir as distor\u00e7\u00f5es naquilo que nos cabe e que \u00e9 de nossa compet\u00eancia, mas tamb\u00e9m precisamos estar alertas e em sintonia com as grandes decis\u00f5es tomadas nas demais esferas de governo e que afetam os munic\u00edpios. As desigualdades em nosso pa\u00eds s\u00e3o muito grandes como tamb\u00e9m \u00e9 desigual a distribui\u00e7\u00e3o de recursos e de responsabilidades.<\/p>\n<p>O munic\u00edpio \u00e9 o espelho do pa\u00eds, \u00e9 onde tudo acontece e sobre o qual recai o maior n\u00famero de encargos resultantes das necessidades da popula\u00e7\u00e3o. Por isso precisamos estar unidos por esse prop\u00f3sito de fazer o bem, sempre em sintonia com a popula\u00e7\u00e3o.<\/p>\n<p>As crises que estamos vivendo, econ\u00f4mica, de sa\u00fade e at\u00e9 mesmo pol\u00edtica, que o nosso pa\u00eds est\u00e1 longe de superar, s\u00f3 ser\u00e3o vencidas com a compreens\u00e3o e a participa\u00e7\u00e3o de cada cidad\u00e3o.<\/p>\n<p>E n\u00f3s, representantes dos poderes constitu\u00eddos, com base nos princ\u00edpios da independ\u00eancia, da harmonia e da responsabilidade para com o nosso povo, precisamos dar o exemplo.<\/p>\n<p>Conto com a senhora vereadora e com os senhores vereadores, com o Poder Judici\u00e1rio, o Minist\u00e9rio P\u00fablico, a sociedade civil organizada para dialogar, construir, avan\u00e7ar e nos unir. Por Penedo e pela nossa gente.<\/p>\n<p>Muito obrigado!<\/p>\n<p>&nbsp;<\/p>\n<p><strong>Fonte: Decom &#8211; PMP<\/strong><\/p>\n<p>&nbsp;<\/p>\n<p>&nbsp;<\/p>\n","protected":false},"excerpt":{"rendered":"<p>Penedo ter\u00e1 milhares de crian\u00e7as, m\u00e3es e gestantes beneficiadas pelo Crian\u00e7a Alagoana. Al\u00e9m dos benef\u00edcios para fam\u00edlias em situa\u00e7\u00e3o de pobreza, o Cria coloca dinheiro novo na economia do munic\u00edpio que tamb\u00e9m ganhar\u00e1 creches e investimentos direcionados \u00e0 primeira inf\u00e2ncia. Os avan\u00e7os do projeto do Governo de Alagoas para Penedo foram destacados por Ronaldo Lopes &hellip;<\/p>\n","protected":false},"author":1,"featured_media":12741,"comment_status":"closed","ping_status":"closed","sticky":false,"template":"","format":"standard","meta":{"_jetpack_newsletter_access":"","_jetpack_dont_email_post_to_subs":false,"_jetpack_newsletter_tier_id":0,"_jetpack_memberships_contains_paywalled_content":false,"_jetpack_memberships_contains_paid_content":false,"footnotes":""},"categories":[1],"tags":[],"class_list":["post-12740","post","type-post","status-publish","format-standard","has-post-thumbnail","hentry","category-destaque"],"jetpack_sharing_enabled":true,"jetpack_featured_media_url":"","_links":{"self":[{"href":"https:\/\/www.oparanews.com.br\/index.php\/wp-json\/wp\/v2\/posts\/12740","targetHints":{"allow":["GET"]}}],"collection":[{"href":"https:\/\/www.oparanews.com.br\/index.php\/wp-json\/wp\/v2\/posts"}],"about":[{"href":"https:\/\/www.oparanews.com.br\/index.php\/wp-json\/wp\/v2\/types\/post"}],"author":[{"embeddable":true,"href":"https:\/\/www.oparanews.com.br\/index.php\/wp-json\/wp\/v2\/users\/1"}],"replies":[{"embeddable":true,"href":"https:\/\/www.oparanews.com.br\/index.php\/wp-json\/wp\/v2\/comments?post=12740"}],"version-history":[{"count":0,"href":"https:\/\/www.oparanews.com.br\/index.php\/wp-json\/wp\/v2\/posts\/12740\/revisions"}],"wp:attachment":[{"href":"https:\/\/www.oparanews.com.br\/index.php\/wp-json\/wp\/v2\/media?parent=12740"}],"wp:term":[{"taxonomy":"category","embeddable":true,"href":"https:\/\/www.oparanews.com.br\/index.php\/wp-json\/wp\/v2\/categories?post=12740"},{"taxonomy":"post_tag","embeddable":true,"href":"https:\/\/www.oparanews.com.br\/index.php\/wp-json\/wp\/v2\/tags?post=12740"}],"curies":[{"name":"wp","href":"https:\/\/api.w.org\/{rel}","templated":true}]}}