{"id":12743,"date":"2021-02-06T20:38:45","date_gmt":"2021-02-06T20:38:45","guid":{"rendered":"https:\/\/oparanews.com.br\/?p=12743"},"modified":"2021-02-06T20:38:45","modified_gmt":"2021-02-06T20:38:45","slug":"crb-renova-contrato-com-tres-jogadores-ate-o-final-da-temporada","status":"publish","type":"post","link":"https:\/\/www.oparanews.com.br\/index.php\/2021\/02\/06\/crb-renova-contrato-com-tres-jogadores-ate-o-final-da-temporada\/","title":{"rendered":"CRB renova contrato com tr\u00eas jogadores at\u00e9 o final da temporada"},"content":{"rendered":"<p>Boa not\u00edcia para os torcedores regatianos. Na noite dessa sexta-feira (5), a diretoria do CRB renovou os contratos de tr\u00eas jogadores at\u00e9 o final da S\u00e9rie B do Campeonato Brasileiro, em 2021.<\/p>\n<p>Foram renovados os contratos do zagueiro \u00c9werton P\u00e1scoa, do atacante Hyuri e do meia Diego Torres. Os novos contratos devem aparecer em breve no Boletim Informativo Di\u00e1rio da CBF (BID) com a data de validade.<\/p>\n<p>Reapresenta\u00e7\u00e3o<\/p>\n<p>A reapresenta\u00e7\u00e3o do elenco regatiano est\u00e1 marcada para segunda-feira (8), a tarde no CT Ninho do Galo e os dirigentes Thiago Paes e Rodrigo Freire prometem formar um elenco competitivo com objetivo de conquistar o bicampeonato estadual e obter resultados positivos nas competi\u00e7\u00f5es nacionais.<\/p>\n<p>&#8211; Sei que o trabalho \u00e9 dif\u00edcil como qualquer outro no futebol. A gente vive de resultados e temos que produzir isso. Esse \u00e9 o caminho, mas tenho certeza que o CRB tem condi\u00e7\u00e3o para o profissional trabalhar. Vamos montar uma equipe bastante competitiva &#8211; contou Freire.<\/p>\n<p>Confira a lista dos nomes confirmados at\u00e9 o momento:<\/p>\n<p>GOL: Edson Mardden, Pedro Henrique;<\/p>\n<p>LAT: Reginaldo Lopes, Hugo;<\/p>\n<p>ZAG: \u00c9werton P\u00e1scoa;<\/p>\n<p>VOL: Claudinei, Ol\u00edvio, Adsson;<\/p>\n<p>MA: R\u00e9gis e Diego Torres;<\/p>\n<p>ATA: Luc\u00e3o, Luidy, Daniel Amorim, Darlisson, Hyuri e Erik<\/p>\n<p>T\u00c9C: Roberto Fernandes<\/p>\n<p>&nbsp;<\/p>\n<p><strong>Fonte: Gazetaweb<\/strong><\/p>\n<p>&nbsp;<\/p>\n","protected":false},"excerpt":{"rendered":"<p>Boa not\u00edcia para os torcedores regatianos. Na noite dessa sexta-feira (5), a diretoria do CRB renovou os contratos de tr\u00eas jogadores at\u00e9 o final da S\u00e9rie B do Campeonato Brasileiro, em 2021. Foram renovados os contratos do zagueiro \u00c9werton P\u00e1scoa, do atacante Hyuri e do meia Diego Torres. Os novos contratos devem aparecer em breve &hellip;<\/p>\n","protected":false},"author":1,"featured_media":12744,"comment_status":"closed","ping_status":"closed","sticky":false,"template":"","format":"standard","meta":{"_jetpack_newsletter_access":"","_jetpack_dont_email_post_to_subs":false,"_jetpack_newsletter_tier_id":0,"_jetpack_memberships_contains_paywalled_content":false,"_jetpack_memberships_contains_paid_content":false,"footnotes":""},"categories":[1],"tags":[],"class_list":["post-12743","post","type-post","status-publish","format-standard","has-post-thumbnail","hentry","category-destaque"],"jetpack_sharing_enabled":true,"jetpack_featured_media_url":"","_links":{"self":[{"href":"https:\/\/www.oparanews.com.br\/index.php\/wp-json\/wp\/v2\/posts\/12743","targetHints":{"allow":["GET"]}}],"collection":[{"href":"https:\/\/www.oparanews.com.br\/index.php\/wp-json\/wp\/v2\/posts"}],"about":[{"href":"https:\/\/www.oparanews.com.br\/index.php\/wp-json\/wp\/v2\/types\/post"}],"author":[{"embeddable":true,"href":"https:\/\/www.oparanews.com.br\/index.php\/wp-json\/wp\/v2\/users\/1"}],"replies":[{"embeddable":true,"href":"https:\/\/www.oparanews.com.br\/index.php\/wp-json\/wp\/v2\/comments?post=12743"}],"version-history":[{"count":0,"href":"https:\/\/www.oparanews.com.br\/index.php\/wp-json\/wp\/v2\/posts\/12743\/revisions"}],"wp:attachment":[{"href":"https:\/\/www.oparanews.com.br\/index.php\/wp-json\/wp\/v2\/media?parent=12743"}],"wp:term":[{"taxonomy":"category","embeddable":true,"href":"https:\/\/www.oparanews.com.br\/index.php\/wp-json\/wp\/v2\/categories?post=12743"},{"taxonomy":"post_tag","embeddable":true,"href":"https:\/\/www.oparanews.com.br\/index.php\/wp-json\/wp\/v2\/tags?post=12743"}],"curies":[{"name":"wp","href":"https:\/\/api.w.org\/{rel}","templated":true}]}}