{"id":12746,"date":"2021-02-08T11:32:24","date_gmt":"2021-02-08T11:32:24","guid":{"rendered":"https:\/\/oparanews.com.br\/?p=12746"},"modified":"2021-02-08T11:32:24","modified_gmt":"2021-02-08T11:32:24","slug":"alagoas-recebe-mais-34-800-doses-de-vacina-contra-covid","status":"publish","type":"post","link":"https:\/\/www.oparanews.com.br\/index.php\/2021\/02\/08\/alagoas-recebe-mais-34-800-doses-de-vacina-contra-covid\/","title":{"rendered":"Alagoas recebe mais 34.800 doses de vacina contra Covid"},"content":{"rendered":"<p>Alagoas recebeu, por volta das 12h20 deste domingo (7), uma nova remessa de vacinas para dar continuidade \u00e0 imuniza\u00e7\u00e3o da popula\u00e7\u00e3o contra a Covid-19. As 174 caixas com 34.800 doses da vacina Sinovac\/Butantan chegaram ao Aeroporto Internacional Zumbi dos Palmares, em Macei\u00f3, e foram escoltadas pela Pol\u00edcia Militar at\u00e9 a sede do Programa Nacional de Imuniza\u00e7\u00e3o (PNI-AL).<\/p>\n<p>Com as vacinas j\u00e1 em solo alagoano, os t\u00e9cnicos do PNI-AL iniciam um processo de cadastro e armazenamento. Feito este cadastro, os imunizantes s\u00e3o distribu\u00eddos para os munic\u00edpios alagoanos, que t\u00eam a responsabilidade de seguir com a vacina\u00e7\u00e3o dos grupos priorit\u00e1rios situados nesta primeira fase, conforme consta no Plano Estadual de Vacina\u00e7\u00e3o.<\/p>\n<p>Na \u00faltima sexta-feira, quando houve o an\u00fancio de que Alagoas receberia mais de 34 mil doses da vacina, enviadas pelo Minist\u00e9rio da Sa\u00fade, o governador Renan Filho e o secret\u00e1rio de Estado da Sa\u00fade, Alexandre Ayres, destacaram o quarto lote de vacinas \u00e9 um novo refor\u00e7o no enfrentamento \u00e0 pandemia da Covid-19.<\/p>\n<p>\u201cSeguiremos vacinando os profissionais de sa\u00fade, sobretudo os da linha de frente no combate \u00e0 Covid-19 e continuaremos vacinando os idosos com a chegada das 34 mil doses. Assim que a nova quantidade de vacinas chegar em Alagoas, anunciaremos a nova faixa et\u00e1ria que ser\u00e1 vacinada. Tomamos essa decis\u00e3o de divulgarmos a faixa et\u00e1ria poss\u00edvel para que n\u00f3s vacinemos a todos\u201d, explicou o governador Renan Filho em v\u00eddeo divulgado em suas redes sociais.<\/p>\n<p>J\u00e1 o secret\u00e1rio Alexandre Ayres ressaltou que mais imunizantes s\u00e3o a garantia de que uma parcela importante da popula\u00e7\u00e3o est\u00e1 sendo vacinada, no entanto, enquanto as pr\u00f3ximas fases s\u00e3o aguardadas, a popula\u00e7\u00e3o precisa continuar se protegendo, usando m\u00e1scaras, evitando aglomera\u00e7\u00f5es e sempre higienizando as m\u00e3os com \u00e1gua e sab\u00e3o, al\u00e9m de usar \u00e1lcool l\u00edquido ou gel 70\u00ba.<\/p>\n<p>&nbsp;<\/p>\n<p><strong>Fonte: Sesau\/AL<\/strong><\/p>\n<p>&nbsp;<\/p>\n","protected":false},"excerpt":{"rendered":"<p>Alagoas recebeu, por volta das 12h20 deste domingo (7), uma nova remessa de vacinas para dar continuidade \u00e0 imuniza\u00e7\u00e3o da popula\u00e7\u00e3o contra a Covid-19. As 174 caixas com 34.800 doses da vacina Sinovac\/Butantan chegaram ao Aeroporto Internacional Zumbi dos Palmares, em Macei\u00f3, e foram escoltadas pela Pol\u00edcia Militar at\u00e9 a sede do Programa Nacional de &hellip;<\/p>\n","protected":false},"author":1,"featured_media":12747,"comment_status":"closed","ping_status":"closed","sticky":false,"template":"","format":"standard","meta":{"_jetpack_newsletter_access":"","_jetpack_dont_email_post_to_subs":false,"_jetpack_newsletter_tier_id":0,"_jetpack_memberships_contains_paywalled_content":false,"_jetpack_memberships_contains_paid_content":false,"footnotes":""},"categories":[1],"tags":[],"class_list":["post-12746","post","type-post","status-publish","format-standard","has-post-thumbnail","hentry","category-destaque"],"jetpack_sharing_enabled":true,"jetpack_featured_media_url":"","_links":{"self":[{"href":"https:\/\/www.oparanews.com.br\/index.php\/wp-json\/wp\/v2\/posts\/12746","targetHints":{"allow":["GET"]}}],"collection":[{"href":"https:\/\/www.oparanews.com.br\/index.php\/wp-json\/wp\/v2\/posts"}],"about":[{"href":"https:\/\/www.oparanews.com.br\/index.php\/wp-json\/wp\/v2\/types\/post"}],"author":[{"embeddable":true,"href":"https:\/\/www.oparanews.com.br\/index.php\/wp-json\/wp\/v2\/users\/1"}],"replies":[{"embeddable":true,"href":"https:\/\/www.oparanews.com.br\/index.php\/wp-json\/wp\/v2\/comments?post=12746"}],"version-history":[{"count":0,"href":"https:\/\/www.oparanews.com.br\/index.php\/wp-json\/wp\/v2\/posts\/12746\/revisions"}],"wp:attachment":[{"href":"https:\/\/www.oparanews.com.br\/index.php\/wp-json\/wp\/v2\/media?parent=12746"}],"wp:term":[{"taxonomy":"category","embeddable":true,"href":"https:\/\/www.oparanews.com.br\/index.php\/wp-json\/wp\/v2\/categories?post=12746"},{"taxonomy":"post_tag","embeddable":true,"href":"https:\/\/www.oparanews.com.br\/index.php\/wp-json\/wp\/v2\/tags?post=12746"}],"curies":[{"name":"wp","href":"https:\/\/api.w.org\/{rel}","templated":true}]}}