{"id":12755,"date":"2021-02-08T11:42:11","date_gmt":"2021-02-08T11:42:11","guid":{"rendered":"https:\/\/oparanews.com.br\/?p=12755"},"modified":"2021-02-08T11:42:11","modified_gmt":"2021-02-08T11:42:11","slug":"ceni-lamenta-chances-perdidas-pelo-flamengo","status":"publish","type":"post","link":"https:\/\/www.oparanews.com.br\/index.php\/2021\/02\/08\/ceni-lamenta-chances-perdidas-pelo-flamengo\/","title":{"rendered":"Ceni lamenta chances perdidas pelo Flamengo"},"content":{"rendered":"<p>O Flamengo empatou com o RB Bragantino neste domingo, no Est\u00e1dio Nabi Abi Chedid, em jogo v\u00e1lido pela 35\u00aa rodada do Brasileir\u00e3o. Com o resultado, o Rubro-Negro n\u00e3o conseguiu ultrapassar o Inter na tabela e deixa de depender apenas de si para chegar ao t\u00edtulo. Ap\u00f3s a partida, Rog\u00e9rio Ceni destacou as chances criadas pela equipe e lamentou a oportunidade desperdi\u00e7ada.<\/p>\n<p>&#8211; Foi o jogo que menos oscilamos do primeiro para o segundo tempo. Depois que levamos o gol, ficamos um pouco abalados, mas depois retomamos, criamos chances. A\u00ed \u00e9 o imponder\u00e1vel. Enfrentamos um time que prop\u00f5e e criamos as chances. Um bom jogo que fizemos e n\u00e3o conseguimos a lideran\u00e7a.<\/p>\n<p>O treinador tamb\u00e9m comentou sobre a intensidade da equipe no terceiro jogo na semana. Antes de enfrentar o Massa Bruta, o Flamengo havia vencido o Sport, na segunda-feira, e o Vasco, na quinta-feira. Rog\u00e9rio, inclusive, justificou a demora para fazer substitui\u00e7\u00f5es com a boa intensidade do time titular.<\/p>\n<p>&#8211; Fico feliz porque era uma s\u00e9rie consecutiva e fiquei abismado. Eu n\u00e3o mexi no time justamente para manter o controle do jogo. Todo mundo muito motivado e ligado no jogo. Esse time n\u00e3o desiste do t\u00edtulo. Se jogar dessa maneira os tr\u00eas pr\u00f3ximos jogos, tem condi\u00e7\u00f5es de venc\u00ea-los. O campeonato n\u00e3o acaba hoje. \u00c9 claro que a gente fica chateado e triste, poderia sair daqui j\u00e1 na lideran\u00e7a e pressionando o Inter. Tem muito jogo pela frente.<\/p>\n<p>O Flamengo est\u00e1 agora um ponto atr\u00e1s do Internacional, que tem um jogo a menos. O Colorado enfrenta o Sport no Beira-Rio na pr\u00f3xima quarta-feira. O Rubro-Negro, por sua vez, volta a campo no pr\u00f3ximo domingo, no Maracan\u00e3, diante do Corinthians.<\/p>\n<p>&nbsp;<\/p>\n<p><strong>Fonte: Terra<\/strong><\/p>\n<p>&nbsp;<\/p>\n","protected":false},"excerpt":{"rendered":"<p>O Flamengo empatou com o RB Bragantino neste domingo, no Est\u00e1dio Nabi Abi Chedid, em jogo v\u00e1lido pela 35\u00aa rodada do Brasileir\u00e3o. Com o resultado, o Rubro-Negro n\u00e3o conseguiu ultrapassar o Inter na tabela e deixa de depender apenas de si para chegar ao t\u00edtulo. Ap\u00f3s a partida, Rog\u00e9rio Ceni destacou as chances criadas pela &hellip;<\/p>\n","protected":false},"author":1,"featured_media":12756,"comment_status":"closed","ping_status":"closed","sticky":false,"template":"","format":"standard","meta":{"_jetpack_newsletter_access":"","_jetpack_dont_email_post_to_subs":false,"_jetpack_newsletter_tier_id":0,"_jetpack_memberships_contains_paywalled_content":false,"_jetpack_memberships_contains_paid_content":false,"footnotes":""},"categories":[1],"tags":[],"class_list":["post-12755","post","type-post","status-publish","format-standard","has-post-thumbnail","hentry","category-destaque"],"jetpack_sharing_enabled":true,"jetpack_featured_media_url":"","_links":{"self":[{"href":"https:\/\/www.oparanews.com.br\/index.php\/wp-json\/wp\/v2\/posts\/12755","targetHints":{"allow":["GET"]}}],"collection":[{"href":"https:\/\/www.oparanews.com.br\/index.php\/wp-json\/wp\/v2\/posts"}],"about":[{"href":"https:\/\/www.oparanews.com.br\/index.php\/wp-json\/wp\/v2\/types\/post"}],"author":[{"embeddable":true,"href":"https:\/\/www.oparanews.com.br\/index.php\/wp-json\/wp\/v2\/users\/1"}],"replies":[{"embeddable":true,"href":"https:\/\/www.oparanews.com.br\/index.php\/wp-json\/wp\/v2\/comments?post=12755"}],"version-history":[{"count":0,"href":"https:\/\/www.oparanews.com.br\/index.php\/wp-json\/wp\/v2\/posts\/12755\/revisions"}],"wp:attachment":[{"href":"https:\/\/www.oparanews.com.br\/index.php\/wp-json\/wp\/v2\/media?parent=12755"}],"wp:term":[{"taxonomy":"category","embeddable":true,"href":"https:\/\/www.oparanews.com.br\/index.php\/wp-json\/wp\/v2\/categories?post=12755"},{"taxonomy":"post_tag","embeddable":true,"href":"https:\/\/www.oparanews.com.br\/index.php\/wp-json\/wp\/v2\/tags?post=12755"}],"curies":[{"name":"wp","href":"https:\/\/api.w.org\/{rel}","templated":true}]}}