{"id":12758,"date":"2021-02-08T11:44:05","date_gmt":"2021-02-08T11:44:05","guid":{"rendered":"https:\/\/oparanews.com.br\/?p=12758"},"modified":"2021-02-08T11:44:05","modified_gmt":"2021-02-08T11:44:05","slug":"hamilton-chega-a-acordo-para-disputar-temporada-de-2021-da-f1-com-mercedes","status":"publish","type":"post","link":"https:\/\/www.oparanews.com.br\/index.php\/2021\/02\/08\/hamilton-chega-a-acordo-para-disputar-temporada-de-2021-da-f1-com-mercedes\/","title":{"rendered":"Hamilton chega a acordo para disputar temporada de 2021 da F1 com Mercedes"},"content":{"rendered":"<p>O heptacampe\u00e3o mundial de F\u00f3rmula 1 Lewis Hamilton continuar\u00e1 na Mercedes nesta temporada depois de chegar a um novo acordo com a equipe, informou a Mercedes nesta segunda-feira.<\/p>\n<p>A equipe disse que o novo contrato, que manter\u00e1 Hamilton na Mercedes pela nona temporada, inclui um compromisso conjunto por maior diversidade e inclus\u00e3o.<\/p>\n<p>&nbsp;<\/p>\n<p><strong>Fonte: Terra<\/strong><\/p>\n<p>&nbsp;<\/p>\n","protected":false},"excerpt":{"rendered":"<p>O heptacampe\u00e3o mundial de F\u00f3rmula 1 Lewis Hamilton continuar\u00e1 na Mercedes nesta temporada depois de chegar a um novo acordo com a equipe, informou a Mercedes nesta segunda-feira. A equipe disse que o novo contrato, que manter\u00e1 Hamilton na Mercedes pela nona temporada, inclui um compromisso conjunto por maior diversidade e inclus\u00e3o. &nbsp; Fonte: Terra &hellip;<\/p>\n","protected":false},"author":1,"featured_media":12759,"comment_status":"closed","ping_status":"closed","sticky":false,"template":"","format":"standard","meta":{"_jetpack_newsletter_access":"","_jetpack_dont_email_post_to_subs":false,"_jetpack_newsletter_tier_id":0,"_jetpack_memberships_contains_paywalled_content":false,"_jetpack_memberships_contains_paid_content":false,"footnotes":""},"categories":[1],"tags":[],"class_list":["post-12758","post","type-post","status-publish","format-standard","has-post-thumbnail","hentry","category-destaque"],"jetpack_sharing_enabled":true,"jetpack_featured_media_url":"","_links":{"self":[{"href":"https:\/\/www.oparanews.com.br\/index.php\/wp-json\/wp\/v2\/posts\/12758","targetHints":{"allow":["GET"]}}],"collection":[{"href":"https:\/\/www.oparanews.com.br\/index.php\/wp-json\/wp\/v2\/posts"}],"about":[{"href":"https:\/\/www.oparanews.com.br\/index.php\/wp-json\/wp\/v2\/types\/post"}],"author":[{"embeddable":true,"href":"https:\/\/www.oparanews.com.br\/index.php\/wp-json\/wp\/v2\/users\/1"}],"replies":[{"embeddable":true,"href":"https:\/\/www.oparanews.com.br\/index.php\/wp-json\/wp\/v2\/comments?post=12758"}],"version-history":[{"count":0,"href":"https:\/\/www.oparanews.com.br\/index.php\/wp-json\/wp\/v2\/posts\/12758\/revisions"}],"wp:attachment":[{"href":"https:\/\/www.oparanews.com.br\/index.php\/wp-json\/wp\/v2\/media?parent=12758"}],"wp:term":[{"taxonomy":"category","embeddable":true,"href":"https:\/\/www.oparanews.com.br\/index.php\/wp-json\/wp\/v2\/categories?post=12758"},{"taxonomy":"post_tag","embeddable":true,"href":"https:\/\/www.oparanews.com.br\/index.php\/wp-json\/wp\/v2\/tags?post=12758"}],"curies":[{"name":"wp","href":"https:\/\/api.w.org\/{rel}","templated":true}]}}