{"id":12767,"date":"2021-02-08T11:55:45","date_gmt":"2021-02-08T11:55:45","guid":{"rendered":"https:\/\/oparanews.com.br\/?p=12767"},"modified":"2021-02-08T11:55:45","modified_gmt":"2021-02-08T11:55:45","slug":"entenda-as-mudancas-nas-aposentadorias-e-pensoes-em-2021","status":"publish","type":"post","link":"https:\/\/www.oparanews.com.br\/index.php\/2021\/02\/08\/entenda-as-mudancas-nas-aposentadorias-e-pensoes-em-2021\/","title":{"rendered":"Entenda as mudan\u00e7as nas aposentadorias e pens\u00f5es em 2021"},"content":{"rendered":"<p>Quem est\u00e1 prestes a se aposentar ou requerer pens\u00e3o precisa estar atento. A reforma da Previd\u00eancia estabeleceu regras autom\u00e1ticas de transi\u00e7\u00e3o, que mudam a concess\u00e3o de benef\u00edcios a cada ano.<\/p>\n<p>A pontua\u00e7\u00e3o para a aposentadoria por tempo de contribui\u00e7\u00e3o e por idade sofreu altera\u00e7\u00f5es. Regulamentado por uma portaria de 2015, o tempo de recebimento da pens\u00e3o por morte tamb\u00e9m mudou na virada do ano. Confira abaixo as mudan\u00e7as que vigoram desde janeiro.<\/p>\n<p><strong>Aposentadoria por idade<\/strong><\/p>\n<p>A regra de transi\u00e7\u00e3o estabelece o acr\u00e9scimo de seis meses a cada ano para as mulheres, at\u00e9 chegar a 62 anos em 2023. Na promulga\u00e7\u00e3o da reforma da Previd\u00eancia, em novembro de 2019, a idade m\u00ednima estava em 60 anos, passando para 60 anos e meio em janeiro de 2020. Em janeiro de 2021, a idade m\u00ednima para aposentadoria das mulheres aumentou para 61 anos.<\/p>\n<p>Para homens, a idade m\u00ednima est\u00e1 fixada em 65 anos desde 2019. Para ambos os sexos, o tempo m\u00ednimo de contribui\u00e7\u00e3o exigido est\u00e1 em 15 anos.<\/p>\n<p><strong>Aposentadoria por tempo de contribui\u00e7\u00e3o<\/strong><\/p>\n<p>A reforma da Previd\u00eancia estabeleceu quatro regras de transi\u00e7\u00e3o, das quais duas previram modifica\u00e7\u00f5es na virada de 2020 para 2021. Na primeira regra, que estabelece um cronograma de transi\u00e7\u00e3o para a regra 86\/96, a pontua\u00e7\u00e3o composta pela soma da idade e dos anos de contribui\u00e7\u00e3o subiu em janeiro: para 88 pontos (mulheres) e 98 pontos (homens).<\/p>\n<p>Na segunda regra, que prev\u00ea idade m\u00ednima mais baixa para quem tem longo tempo de contribui\u00e7\u00e3o, a idade m\u00ednima para requerer o benef\u00edcio passou para 57 anos (mulheres) e 62 anos (homens). A reforma da Previd\u00eancia acrescenta seis meses \u00e0s idades m\u00ednimas a cada ano at\u00e9 atingirem 62 anos (mulheres) e 65 anos (homens) em 2031. Nos dois casos, o tempo m\u00ednimo de contribui\u00e7\u00e3o exigido \u00e9 de 30 anos para as mulheres e 35 anos para homens.<\/p>\n<p><strong>Pens\u00e3o por morte<\/strong><\/p>\n<p>O tempo de recebimento do benef\u00edcio mudou em janeiro, com um ano sendo acrescido nas faixas et\u00e1rias estabelecidas por portaria do governo federal editada em 2015. A partir deste ano, o pensionista com menos de 22 anos de idade receber\u00e1 a pens\u00e3o por at\u00e9 tr\u00eas anos.<\/p>\n<p>O intervalo sobe para seis anos para pensionistas de 22 a 27 anos, 10 anos para pensionistas de 28 a 30 anos, 15 anos para pensionistas de 31 a 41 anos e 20 anos para pensionistas de 42 a 44 anos. Somente a partir de 45 anos, a pens\u00e3o passa a ser vital\u00edcia. A medida vale para os novos pensionistas. Benefici\u00e1rios antigos est\u00e3o com direito adquirido.<\/p>\n<p>&nbsp;<\/p>\n<p><strong>Fonte: Terra<\/strong><\/p>\n<p>&nbsp;<\/p>\n","protected":false},"excerpt":{"rendered":"<p>Quem est\u00e1 prestes a se aposentar ou requerer pens\u00e3o precisa estar atento. A reforma da Previd\u00eancia estabeleceu regras autom\u00e1ticas de transi\u00e7\u00e3o, que mudam a concess\u00e3o de benef\u00edcios a cada ano. A pontua\u00e7\u00e3o para a aposentadoria por tempo de contribui\u00e7\u00e3o e por idade sofreu altera\u00e7\u00f5es. Regulamentado por uma portaria de 2015, o tempo de recebimento da &hellip;<\/p>\n","protected":false},"author":1,"featured_media":12768,"comment_status":"closed","ping_status":"closed","sticky":false,"template":"","format":"standard","meta":{"_jetpack_newsletter_access":"","_jetpack_dont_email_post_to_subs":false,"_jetpack_newsletter_tier_id":0,"_jetpack_memberships_contains_paywalled_content":false,"_jetpack_memberships_contains_paid_content":false,"footnotes":""},"categories":[1],"tags":[],"class_list":["post-12767","post","type-post","status-publish","format-standard","has-post-thumbnail","hentry","category-destaque"],"jetpack_sharing_enabled":true,"jetpack_featured_media_url":"","_links":{"self":[{"href":"https:\/\/www.oparanews.com.br\/index.php\/wp-json\/wp\/v2\/posts\/12767","targetHints":{"allow":["GET"]}}],"collection":[{"href":"https:\/\/www.oparanews.com.br\/index.php\/wp-json\/wp\/v2\/posts"}],"about":[{"href":"https:\/\/www.oparanews.com.br\/index.php\/wp-json\/wp\/v2\/types\/post"}],"author":[{"embeddable":true,"href":"https:\/\/www.oparanews.com.br\/index.php\/wp-json\/wp\/v2\/users\/1"}],"replies":[{"embeddable":true,"href":"https:\/\/www.oparanews.com.br\/index.php\/wp-json\/wp\/v2\/comments?post=12767"}],"version-history":[{"count":0,"href":"https:\/\/www.oparanews.com.br\/index.php\/wp-json\/wp\/v2\/posts\/12767\/revisions"}],"wp:attachment":[{"href":"https:\/\/www.oparanews.com.br\/index.php\/wp-json\/wp\/v2\/media?parent=12767"}],"wp:term":[{"taxonomy":"category","embeddable":true,"href":"https:\/\/www.oparanews.com.br\/index.php\/wp-json\/wp\/v2\/categories?post=12767"},{"taxonomy":"post_tag","embeddable":true,"href":"https:\/\/www.oparanews.com.br\/index.php\/wp-json\/wp\/v2\/tags?post=12767"}],"curies":[{"name":"wp","href":"https:\/\/api.w.org\/{rel}","templated":true}]}}