{"id":12770,"date":"2021-02-08T12:01:01","date_gmt":"2021-02-08T12:01:01","guid":{"rendered":"https:\/\/oparanews.com.br\/?p=12770"},"modified":"2021-02-08T12:01:01","modified_gmt":"2021-02-08T12:01:01","slug":"enem-2021-sera-em-novembro-ou-dezembro","status":"publish","type":"post","link":"https:\/\/www.oparanews.com.br\/index.php\/2021\/02\/08\/enem-2021-sera-em-novembro-ou-dezembro\/","title":{"rendered":"Enem 2021 ser\u00e1 em novembro ou dezembro"},"content":{"rendered":"<p>O Exame Nacional do Ensino M\u00e9dio (Enem) 2021 est\u00e1 sendo planejado para ocorrer em novembro ou dezembro deste ano, de acordo com o presidente do instituto respons\u00e1vel pela prova, Alexandre Lopes.<\/p>\n<p>A afirma\u00e7\u00e3o foi dada durante uma entrevista \u00e0 imprensa neste domingo (7). A edi\u00e7\u00e3o de 2020, prevista para novembro daquele ano, foi adiada por causa da pandemia e as provas ainda est\u00e3o sendo aplicadas neste in\u00edcio de 2021. Com o aumento de casos e mortes por coronav\u00edrus, houve press\u00e3o para que o Enem 2020 tivesse um novo adiamento, o que n\u00e3o aconteceu.<\/p>\n<p>Para o presidente do instituto respons\u00e1vel pela prova, o cronograma da edi\u00e7\u00e3o de 2021 n\u00e3o deve ser alterado. O planejamento mant\u00e9m como data prov\u00e1vel o m\u00eas de novembro, em que o Enem ocorria antes da pandemia, mas traz a possibilidade de ocorrer em dezembro.<\/p>\n<p>&#8220;As provas ser\u00e3o por volta de novembro, dezembro&#8221;, afirmou Lopes quando apresentava os resultados do Enem digital, que est\u00e1 sendo aplicado pela primeira vez na hist\u00f3ria (leia mais abaixo).<\/p>\n<p>A proposta de Lopes \u00e9 expandir a vers\u00e3o digital na edi\u00e7\u00e3o de 2021. &#8220;J\u00e1 em 2021 vamos ampliar a oferta, para mais pessoas fazerem o Enem digital&#8221;, afirmou. O objetivo \u00e9 tornar o Enem totalmente digital at\u00e9 2026.<\/p>\n<p>Especialistas ouvidos pelo G1 afirmam que h\u00e1 desafios para tornar o Enem digital uma realidade. Entre eles, levar internet a todas as escolas e tornar a avalia\u00e7\u00e3o digital algo corriqueiro a todos os estudantes j\u00e1 que o desempenho no Enem \u00e9 usado em processos seletivos para conseguir uma vaga em universidades.<\/p>\n<p>&nbsp;<\/p>\n<p><strong>Fonte: G1<\/strong><\/p>\n<p>&nbsp;<\/p>\n","protected":false},"excerpt":{"rendered":"<p>O Exame Nacional do Ensino M\u00e9dio (Enem) 2021 est\u00e1 sendo planejado para ocorrer em novembro ou dezembro deste ano, de acordo com o presidente do instituto respons\u00e1vel pela prova, Alexandre Lopes. A afirma\u00e7\u00e3o foi dada durante uma entrevista \u00e0 imprensa neste domingo (7). A edi\u00e7\u00e3o de 2020, prevista para novembro daquele ano, foi adiada por &hellip;<\/p>\n","protected":false},"author":1,"featured_media":12771,"comment_status":"closed","ping_status":"closed","sticky":false,"template":"","format":"standard","meta":{"_jetpack_newsletter_access":"","_jetpack_dont_email_post_to_subs":false,"_jetpack_newsletter_tier_id":0,"_jetpack_memberships_contains_paywalled_content":false,"_jetpack_memberships_contains_paid_content":false,"footnotes":""},"categories":[1],"tags":[],"class_list":["post-12770","post","type-post","status-publish","format-standard","has-post-thumbnail","hentry","category-destaque"],"jetpack_sharing_enabled":true,"jetpack_featured_media_url":"","_links":{"self":[{"href":"https:\/\/www.oparanews.com.br\/index.php\/wp-json\/wp\/v2\/posts\/12770","targetHints":{"allow":["GET"]}}],"collection":[{"href":"https:\/\/www.oparanews.com.br\/index.php\/wp-json\/wp\/v2\/posts"}],"about":[{"href":"https:\/\/www.oparanews.com.br\/index.php\/wp-json\/wp\/v2\/types\/post"}],"author":[{"embeddable":true,"href":"https:\/\/www.oparanews.com.br\/index.php\/wp-json\/wp\/v2\/users\/1"}],"replies":[{"embeddable":true,"href":"https:\/\/www.oparanews.com.br\/index.php\/wp-json\/wp\/v2\/comments?post=12770"}],"version-history":[{"count":0,"href":"https:\/\/www.oparanews.com.br\/index.php\/wp-json\/wp\/v2\/posts\/12770\/revisions"}],"wp:attachment":[{"href":"https:\/\/www.oparanews.com.br\/index.php\/wp-json\/wp\/v2\/media?parent=12770"}],"wp:term":[{"taxonomy":"category","embeddable":true,"href":"https:\/\/www.oparanews.com.br\/index.php\/wp-json\/wp\/v2\/categories?post=12770"},{"taxonomy":"post_tag","embeddable":true,"href":"https:\/\/www.oparanews.com.br\/index.php\/wp-json\/wp\/v2\/tags?post=12770"}],"curies":[{"name":"wp","href":"https:\/\/api.w.org\/{rel}","templated":true}]}}