{"id":12779,"date":"2021-02-08T13:50:38","date_gmt":"2021-02-08T13:50:38","guid":{"rendered":"https:\/\/oparanews.com.br\/?p=12779"},"modified":"2021-02-08T13:50:38","modified_gmt":"2021-02-08T13:50:38","slug":"lancamento-do-cria-em-penedo-sera-nesta-quarta-feira-10","status":"publish","type":"post","link":"https:\/\/www.oparanews.com.br\/index.php\/2021\/02\/08\/lancamento-do-cria-em-penedo-sera-nesta-quarta-feira-10\/","title":{"rendered":"Lan\u00e7amento do CRIA em Penedo ser\u00e1 nesta quarta-feira (10)"},"content":{"rendered":"<p>O programa Crian\u00e7a Alagoana (CRIA) ser\u00e1 lan\u00e7ado em Penedo nesta quarta-feira (10). O evento com in\u00edcio \u00e0s 9h, ocorrer\u00e1 no gin\u00e1sio da Escola Estadual Comendador Jos\u00e9 da Silva Peixoto, situado entre o gin\u00e1sio Padre Manoel Vieira e a quadra da Escola Estadual Ernani M\u00e9ro.<\/p>\n<p>O lan\u00e7amento reunir\u00e1 o governador Renan Filho, o Prefeito de Penedo Ronaldo Lopes e os prefeitos de S\u00e3o Braz, Porto Real do Col\u00e9gio, Olho d\u2019\u00c1gua Grande, Igreja Nova Pia\u00e7abu\u00e7u e Feliz Deserto.<\/p>\n<p>Penedo \u00e9 a cidade polo do programa CRIA em \u00e2mbito regional. O munic\u00edpio tamb\u00e9m recebeu a capacita\u00e7\u00e3o do Crian\u00e7a Alagoana para os gestores e t\u00e9cnicos em Assist\u00eancia Social.<\/p>\n<p>Durante a solenidade, ser\u00e3o entregues para as 61 gestantes selecionadas na primeira etapa do programa o cart\u00e3o CRIA, que d\u00e1 direto a retirada mensal do valor de R$ 100.<\/p>\n<p>As beneficiarias vivenciam uma situa\u00e7\u00e3o de vulnerabilidade social, al\u00e9m disso, est\u00e3o cadastradas no Cad\u00danico.<\/p>\n<p>O benef\u00edcio entregue pelo governo estadual \u00e9 destinado \u00e0 compra de alimentos e itens de higiene pessoal dos beb\u00eas, melhorando a qualidade de vida das m\u00e3es e crian\u00e7as durante a primeira inf\u00e2ncia, considerada por especialistas a principal fase da vida, para o desenvolvimento integral das crian\u00e7as.<\/p>\n<p><strong>Cadastro<\/strong><\/p>\n<p>O cadastro para inclus\u00e3o de benefici\u00e1rias \u00e9 feito em um dos CRAS existente em Penedo, sendo um deles localizado no bairro Santo Ant\u00f4nio, popular Barro Vermelho e outro no bairro Senhor do Bonfim, tamb\u00e9m conhecido por Oiteiro.<\/p>\n<p>O hor\u00e1rio de funcionamento dos CRAS \u00e9 das oito ao meio-dia e das 13h \u00e0s 17 horas. O do Oiteiro fica pr\u00f3ximo do antigo posto de sa\u00fade, perto da pra\u00e7a do bairro, e o do Barro Vermelho nas imedia\u00e7\u00f5es da Pra\u00e7a da Alegria, na nova orla.<\/p>\n<p>&nbsp;<\/p>\n<p><strong>Fonte: Decom &#8211; PMP<\/strong><\/p>\n<p>&nbsp;<\/p>\n","protected":false},"excerpt":{"rendered":"<p>O programa Crian\u00e7a Alagoana (CRIA) ser\u00e1 lan\u00e7ado em Penedo nesta quarta-feira (10). O evento com in\u00edcio \u00e0s 9h, ocorrer\u00e1 no gin\u00e1sio da Escola Estadual Comendador Jos\u00e9 da Silva Peixoto, situado entre o gin\u00e1sio Padre Manoel Vieira e a quadra da Escola Estadual Ernani M\u00e9ro. O lan\u00e7amento reunir\u00e1 o governador Renan Filho, o Prefeito de Penedo &hellip;<\/p>\n","protected":false},"author":1,"featured_media":12780,"comment_status":"closed","ping_status":"closed","sticky":false,"template":"","format":"standard","meta":{"_jetpack_newsletter_access":"","_jetpack_dont_email_post_to_subs":false,"_jetpack_newsletter_tier_id":0,"_jetpack_memberships_contains_paywalled_content":false,"_jetpack_memberships_contains_paid_content":false,"footnotes":""},"categories":[1],"tags":[],"class_list":["post-12779","post","type-post","status-publish","format-standard","has-post-thumbnail","hentry","category-destaque"],"jetpack_sharing_enabled":true,"jetpack_featured_media_url":"","_links":{"self":[{"href":"https:\/\/www.oparanews.com.br\/index.php\/wp-json\/wp\/v2\/posts\/12779","targetHints":{"allow":["GET"]}}],"collection":[{"href":"https:\/\/www.oparanews.com.br\/index.php\/wp-json\/wp\/v2\/posts"}],"about":[{"href":"https:\/\/www.oparanews.com.br\/index.php\/wp-json\/wp\/v2\/types\/post"}],"author":[{"embeddable":true,"href":"https:\/\/www.oparanews.com.br\/index.php\/wp-json\/wp\/v2\/users\/1"}],"replies":[{"embeddable":true,"href":"https:\/\/www.oparanews.com.br\/index.php\/wp-json\/wp\/v2\/comments?post=12779"}],"version-history":[{"count":0,"href":"https:\/\/www.oparanews.com.br\/index.php\/wp-json\/wp\/v2\/posts\/12779\/revisions"}],"wp:attachment":[{"href":"https:\/\/www.oparanews.com.br\/index.php\/wp-json\/wp\/v2\/media?parent=12779"}],"wp:term":[{"taxonomy":"category","embeddable":true,"href":"https:\/\/www.oparanews.com.br\/index.php\/wp-json\/wp\/v2\/categories?post=12779"},{"taxonomy":"post_tag","embeddable":true,"href":"https:\/\/www.oparanews.com.br\/index.php\/wp-json\/wp\/v2\/tags?post=12779"}],"curies":[{"name":"wp","href":"https:\/\/api.w.org\/{rel}","templated":true}]}}