{"id":12785,"date":"2021-02-09T11:06:42","date_gmt":"2021-02-09T11:06:42","guid":{"rendered":"https:\/\/oparanews.com.br\/?p=12785"},"modified":"2021-02-09T11:06:42","modified_gmt":"2021-02-09T11:06:42","slug":"governo-inicia-duplicacao-da-rodovia-al-110-e-construcao-de-upa-em-arapiraca","status":"publish","type":"post","link":"https:\/\/www.oparanews.com.br\/index.php\/2021\/02\/09\/governo-inicia-duplicacao-da-rodovia-al-110-e-construcao-de-upa-em-arapiraca\/","title":{"rendered":"Governo inicia duplica\u00e7\u00e3o da rodovia AL-110 e constru\u00e7\u00e3o de UPA em Arapiraca"},"content":{"rendered":"<p>A agenda de trabalho do governador Renan Filho, na tarde desta segunda-feira (8), em Arapiraca, foi movimentada. Ao lado do prefeito do munic\u00edpio, Luciano Barbosa, e do senador Renan Calheiros, ele participou da entrega regionalizada do Cart\u00e3o CRIA e assinou as ordens de servi\u00e7o para a duplica\u00e7\u00e3o da AL-110 e a constru\u00e7\u00e3o da Unidade de Pronto Atendimento (UPA). A solenidade foi realizada no Planet\u00e1rio e Casa da Ci\u00eancia.<\/p>\n<p>O trecho da AL-110 a ser duplicado tem 23 quil\u00f4metros de extens\u00e3o, entre Arapiraca e S\u00e3o Sebasti\u00e3o. &#8220;\u00c9 uma obra que integra o Agreste, fortalece o desenvolvimento da regi\u00e3o e vai, sem d\u00favida, impulsionar todas as atividades econ\u00f4micas que existem aqui&#8221;, destacou Renan Filho.<\/p>\n<p>A obra ser\u00e1 executada pela Secretaria de Transporte e Desenvolvimento Urbano (Setrand), em parceria com o Departamento de Estrada de Rodagem (DER-AL). Conta com investimento de R$ 50 milh\u00f5es em recursos estaduais e federais. &#8220;Essa duplica\u00e7\u00e3o vai ligar Arapiraca a todo o pa\u00eds, ent\u00e3o essa obra \u00e9 estruturante para o desenvolvimento econ\u00f4mico de Arapiraca&#8221;, comemorou Luciano Barbosa.<\/p>\n<p>&#8220;A duplica\u00e7\u00e3o \u00e9 importante economicamente porque vai melhorar o fluxo da produ\u00e7\u00e3o entre as duas cidades e vai salvar vidas, evitando acidentes&#8221;, acrescentou o prefeito de S\u00e3o Sebasti\u00e3o, Jos\u00e9 Pacheco.<\/p>\n<p>A obra faz parte do programa Pr\u00f3-Estrada, que j\u00e1 beneficiou 98% dos munic\u00edpios alagoanos com pavimenta\u00e7\u00e3o de vias urbanas, implanta\u00e7\u00e3o e reconstru\u00e7\u00e3o de estradas. &#8220;S\u00f3 t\u00ednhamos cerca de 30 km de rodovias duplicadas. Ao fim da gest\u00e3o Renan Filho, teremos 400 quil\u00f4metros. Isso \u00e9 um marco hist\u00f3rico e significa mais desenvolvimento&#8221;, ressaltou Mosart Amaral, que assinou a ordem de servi\u00e7o junto com o governador para duplica\u00e7\u00e3o da AL-110.<\/p>\n<p>UPA no bairro da Primavera<\/p>\n<p>Ainda durante a cerim\u00f4nia, o governador e o secret\u00e1rio de Estado da Sa\u00fade, Alexandre Ayres, assinaram a ordem de servi\u00e7o para constru\u00e7\u00e3o da UPA de Arapiraca. &#8220;Vamos construir uma UPA no bairro da Primavera, uma obra fundamental para estruturar o tratamento de urg\u00eancia e emerg\u00eancia na cidade de Arapiraca&#8221;, disse Renan Filho.<\/p>\n<p>Logo ap\u00f3s a solenidade, ele e o prefeito de Arapiraca, acompanhados de vereadores, visitaram o terreno onde ser\u00e1 edificada a UPA. &#8220;A Unidade de Pronto Atendimento atua na m\u00e9dia complexidade e a gente precisa dela para completar as a\u00e7\u00f5es de sa\u00fade no munic\u00edpio de Arapiraca&#8221;, ponderou Luciano Barbosa.<\/p>\n<p>Na visita ao terreno da UPA, o governador anunciou que voltar\u00e1 a Arapiraca, dentro de 60 dias, para assinar a ordem de para a constru\u00e7\u00e3o do Hospital Metropolitano do Agreste. &#8220;Ser\u00e1 uma obra transformadora para a regi\u00e3o, que vai cumprir o mesmo papel que o Hospital Metropolitano de Alagoas cumpre para a primeira macro regi\u00e3o de sa\u00fade, cuja sede \u00e9 Macei\u00f3&#8221;, comparou. Outra a\u00e7\u00e3o relevante foi a entrega de uma ambul\u00e2ncia ao munic\u00edpio.<\/p>\n<p>A UPA de Arapiraca ser\u00e1 constru\u00edda com recursos do Tesouro Estadual, da ordem de R$ 6,2 milh\u00f5es, e deve ser conclu\u00edda em 120 dias, ap\u00f3s o in\u00edcio das obras. A nova unidade ser\u00e1 do tipo III, contar\u00e1 com um tom\u00f3grafo de \u00faltima gera\u00e7\u00e3o e ter\u00e1 capacidade para atender at\u00e9 350 pacientes por dia, totalizando 10.500 por m\u00eas. &#8220;Estamos trabalhando muito, ao lado do governador Renan Filho, para construirmos uma sa\u00fade mais humana, mais \u00e1gil e mais pr\u00f3xima da casa do cidad\u00e3o&#8221;, declarou o secret\u00e1rio de Sa\u00fade.<\/p>\n<p>CRIA vai beneficiar mais de 9 mil fam\u00edlias<\/p>\n<p>Ao lado do secret\u00e1rio de Estado da Assist\u00eancia e do Desenvolvimento Social, Silvio Bulh\u00f5es, Renan Filho tamb\u00e9m participou da entrega regionalizada do Cart\u00e3o CRIA em Arapiraca, onde 399 fam\u00edlias ser\u00e3o contempladas inicialmente. &#8220;Aqui ser\u00e3o 9 mil fam\u00edlias beneficiadas (no total) com o Cart\u00e3o CRIA, que garantir\u00e1 uma bolsa de R$ 100 por m\u00eas. Trata-se de uma ajuda importante \u00e0s fam\u00edlias de baixa renda e que tamb\u00e9m ajuda a dinamizar a economia, gerando emprego por meio da eleva\u00e7\u00e3o do consumo&#8221;, avaliou o governador.<\/p>\n<p>Al\u00e9m de Arapiraca, outros 19 munic\u00edpios alagoanos promoveram a entrega do Cart\u00e3o CRIA nesta segunda-feira (8). A meta \u00e9 fornecer 9 mil cart\u00f5es at\u00e9 o dia 12. Os pagamentos come\u00e7am em 15 de fevereiro.<\/p>\n<p>Lan\u00e7ado no dia 1\u00b0 de fevereiro, o Cart\u00e3o CRIA vai beneficiar, com um aux\u00edlio financeiro de R$ 100 mensais, cerca de 180 mil fam\u00edlias em Alagoas com gestantes, beb\u00eas e crian\u00e7as at\u00e9 6 anos de idade, que vivem na pobreza ou extrema pobreza. Portadoras da s\u00edndrome cong\u00eanita por Zika v\u00edrus com at\u00e9 7 anos de idade tamb\u00e9m ser\u00e3o assistidas.<\/p>\n<p>Participaram, ainda, da solenidade em Arapiraca os deputados federais Max Beltr\u00e3o e Paulo Fernando dos Santos, o &#8220;Paul\u00e3o&#8221;; os deputados estaduais Breno Albuquerque e Ant\u00f4nio Albuquerque; prefeitos de munic\u00edpios da regi\u00e3o, vereadores, secret\u00e1rios de Estado e diretores de \u00f3rg\u00e3os estaduais.<\/p>\n<p>&nbsp;<\/p>\n<p><strong>Fonte: Ag\u00eancia Alagoas<\/strong><\/p>\n<p>&nbsp;<\/p>\n","protected":false},"excerpt":{"rendered":"<p>A agenda de trabalho do governador Renan Filho, na tarde desta segunda-feira (8), em Arapiraca, foi movimentada. Ao lado do prefeito do munic\u00edpio, Luciano Barbosa, e do senador Renan Calheiros, ele participou da entrega regionalizada do Cart\u00e3o CRIA e assinou as ordens de servi\u00e7o para a duplica\u00e7\u00e3o da AL-110 e a constru\u00e7\u00e3o da Unidade de &hellip;<\/p>\n","protected":false},"author":1,"featured_media":12786,"comment_status":"closed","ping_status":"closed","sticky":false,"template":"","format":"standard","meta":{"_jetpack_newsletter_access":"","_jetpack_dont_email_post_to_subs":false,"_jetpack_newsletter_tier_id":0,"_jetpack_memberships_contains_paywalled_content":false,"_jetpack_memberships_contains_paid_content":false,"footnotes":""},"categories":[1],"tags":[],"class_list":["post-12785","post","type-post","status-publish","format-standard","has-post-thumbnail","hentry","category-destaque"],"jetpack_sharing_enabled":true,"jetpack_featured_media_url":"","_links":{"self":[{"href":"https:\/\/www.oparanews.com.br\/index.php\/wp-json\/wp\/v2\/posts\/12785","targetHints":{"allow":["GET"]}}],"collection":[{"href":"https:\/\/www.oparanews.com.br\/index.php\/wp-json\/wp\/v2\/posts"}],"about":[{"href":"https:\/\/www.oparanews.com.br\/index.php\/wp-json\/wp\/v2\/types\/post"}],"author":[{"embeddable":true,"href":"https:\/\/www.oparanews.com.br\/index.php\/wp-json\/wp\/v2\/users\/1"}],"replies":[{"embeddable":true,"href":"https:\/\/www.oparanews.com.br\/index.php\/wp-json\/wp\/v2\/comments?post=12785"}],"version-history":[{"count":0,"href":"https:\/\/www.oparanews.com.br\/index.php\/wp-json\/wp\/v2\/posts\/12785\/revisions"}],"wp:attachment":[{"href":"https:\/\/www.oparanews.com.br\/index.php\/wp-json\/wp\/v2\/media?parent=12785"}],"wp:term":[{"taxonomy":"category","embeddable":true,"href":"https:\/\/www.oparanews.com.br\/index.php\/wp-json\/wp\/v2\/categories?post=12785"},{"taxonomy":"post_tag","embeddable":true,"href":"https:\/\/www.oparanews.com.br\/index.php\/wp-json\/wp\/v2\/tags?post=12785"}],"curies":[{"name":"wp","href":"https:\/\/api.w.org\/{rel}","templated":true}]}}