{"id":12791,"date":"2021-02-09T11:12:02","date_gmt":"2021-02-09T11:12:02","guid":{"rendered":"https:\/\/oparanews.com.br\/?p=12791"},"modified":"2021-02-09T11:12:02","modified_gmt":"2021-02-09T11:12:02","slug":"anderson-do-molejo-planeja-processar-jovem-que-o-acusou-de-estupro","status":"publish","type":"post","link":"https:\/\/www.oparanews.com.br\/index.php\/2021\/02\/09\/anderson-do-molejo-planeja-processar-jovem-que-o-acusou-de-estupro\/","title":{"rendered":"Anderson, do Molejo, planeja processar jovem que o acusou de estupro"},"content":{"rendered":"<p>Anderson Leonardo, o vocalista do grupo Molejo, planeja processar o cantor e dan\u00e7arino Maicon Douglas Pinto de Nascimento Ad\u00e3o, o MC Maylon, de 21 anos, que o acusa de estupro. A informa\u00e7\u00e3o foi confirmada pelo advogado do cantor, Ivo Peralta, \u00e0 revista Quem.<\/p>\n<p>\u201cEstamos buscando esclarecer junto \u00e0s autoridades policiais todas as provas e depoimentos necess\u00e1rios para mostrar que n\u00e3o houve crime de estupro. Em seguida, pretendemos adotar medidas cab\u00edveis para que a suposta v\u00edtima venha a indenizar Anderson pelos danos causados. O rapaz precisar\u00e1 responder tanto civil quanto criminalmente por cal\u00fania e difama\u00e7\u00e3o. Vamos adotar medidas judiciais pela informa\u00e7\u00e3o inver\u00eddica\u201d, afirmou o advogado.<\/p>\n<p>O advogado contou ainda que Anderson tem perdido v\u00e1rios trabalhos ap\u00f3s as acusa\u00e7\u00f5es de Maylon. \u201cEle est\u00e1 tendo preju\u00edzos excessivos com contratantes, que est\u00e3o cancelando shows. Isso tem interferido no ganha-p\u00e3o de cada um que trabalha com o grupo Molejo. S\u00e3o mais de 30 fam\u00edlias que dependem dos shows e est\u00e3o sendo prejudicadas por causa de uma mentira. N\u00f3s estamos produzindo um dossi\u00ea que vai ser peticionado com datas, fotos e muitas provas que mostram a inverdade do rapaz. No dia 12 de dezembro, por exemplo, a suposta v\u00edtima estava com a irm\u00e3 do Anderson em uma festa, se divertindo, menos de 24 horas depois do suposto estupro, como se nada tivesse acontecido. Ou seja, \u00e9 uma hist\u00f3ria muito fantasiosa\u201d, explicou.<\/p>\n<p>&nbsp;<\/p>\n<p><strong>Fonte: ISTO\u00c9<\/strong><\/p>\n<p>&nbsp;<\/p>\n","protected":false},"excerpt":{"rendered":"<p>Anderson Leonardo, o vocalista do grupo Molejo, planeja processar o cantor e dan\u00e7arino Maicon Douglas Pinto de Nascimento Ad\u00e3o, o MC Maylon, de 21 anos, que o acusa de estupro. A informa\u00e7\u00e3o foi confirmada pelo advogado do cantor, Ivo Peralta, \u00e0 revista Quem. \u201cEstamos buscando esclarecer junto \u00e0s autoridades policiais todas as provas e depoimentos &hellip;<\/p>\n","protected":false},"author":1,"featured_media":12792,"comment_status":"closed","ping_status":"closed","sticky":false,"template":"","format":"standard","meta":{"_jetpack_newsletter_access":"","_jetpack_dont_email_post_to_subs":false,"_jetpack_newsletter_tier_id":0,"_jetpack_memberships_contains_paywalled_content":false,"_jetpack_memberships_contains_paid_content":false,"footnotes":""},"categories":[1],"tags":[],"class_list":["post-12791","post","type-post","status-publish","format-standard","has-post-thumbnail","hentry","category-destaque"],"jetpack_sharing_enabled":true,"jetpack_featured_media_url":"","_links":{"self":[{"href":"https:\/\/www.oparanews.com.br\/index.php\/wp-json\/wp\/v2\/posts\/12791","targetHints":{"allow":["GET"]}}],"collection":[{"href":"https:\/\/www.oparanews.com.br\/index.php\/wp-json\/wp\/v2\/posts"}],"about":[{"href":"https:\/\/www.oparanews.com.br\/index.php\/wp-json\/wp\/v2\/types\/post"}],"author":[{"embeddable":true,"href":"https:\/\/www.oparanews.com.br\/index.php\/wp-json\/wp\/v2\/users\/1"}],"replies":[{"embeddable":true,"href":"https:\/\/www.oparanews.com.br\/index.php\/wp-json\/wp\/v2\/comments?post=12791"}],"version-history":[{"count":0,"href":"https:\/\/www.oparanews.com.br\/index.php\/wp-json\/wp\/v2\/posts\/12791\/revisions"}],"wp:attachment":[{"href":"https:\/\/www.oparanews.com.br\/index.php\/wp-json\/wp\/v2\/media?parent=12791"}],"wp:term":[{"taxonomy":"category","embeddable":true,"href":"https:\/\/www.oparanews.com.br\/index.php\/wp-json\/wp\/v2\/categories?post=12791"},{"taxonomy":"post_tag","embeddable":true,"href":"https:\/\/www.oparanews.com.br\/index.php\/wp-json\/wp\/v2\/tags?post=12791"}],"curies":[{"name":"wp","href":"https:\/\/api.w.org\/{rel}","templated":true}]}}