{"id":12797,"date":"2021-02-09T11:16:07","date_gmt":"2021-02-09T11:16:07","guid":{"rendered":"https:\/\/oparanews.com.br\/?p=12797"},"modified":"2021-02-09T11:16:07","modified_gmt":"2021-02-09T11:16:07","slug":"bolsonaro-muda-o-tom-e-atrela-vacinacao-a-retomada-economica","status":"publish","type":"post","link":"https:\/\/www.oparanews.com.br\/index.php\/2021\/02\/09\/bolsonaro-muda-o-tom-e-atrela-vacinacao-a-retomada-economica\/","title":{"rendered":"Bolsonaro muda o tom e atrela vacina\u00e7\u00e3o \u00e0 retomada econ\u00f4mica"},"content":{"rendered":"<p>Em mudan\u00e7a de tom, o presidente Jair Bolsonaro atrelou nesta segunda-feira, 8, a vacina\u00e7\u00e3o contra a covid-19 \u00e0 retomada da economia. Na avalia\u00e7\u00e3o de Bolsonaro, a economia brasileira ainda n\u00e3o est\u00e1 recuperada ou &#8220;madura&#8221;, mas est\u00e1 reagindo.<\/p>\n<p>&#8220;Estamos fazendo o poss\u00edvel. Estamos preocupados com a vida. Se vacinar, a chance de voltarmos \u00e0 normalidade na economia aumenta exponencialmente. Queremos isso a\u00ed&#8221;, disse o presidente em entrevista nesta tarde \u00e0 TV Band.<\/p>\n<p>Em ocasi\u00f5es anteriores, o chefe do Executivo minimizou a efic\u00e1cia e seguran\u00e7a dos imunizantes. Em janeiro, ele disse que &#8220;n\u00e3o h\u00e1 nada comprovado cientificamente sobre essa vacina a\u00ed&#8221;, em rela\u00e7\u00e3o \u00e0 Coronavac, depois que o imunizante teve uso emergencial aprovado pela Ag\u00eancia Nacional de Vigil\u00e2ncia Sanit\u00e1ria (Anvisa). A aprova\u00e7\u00e3o da Anvisa significa que a vacina tem a efic\u00e1cia e a seguran\u00e7a necess\u00e1rias para ser aplicada emergencialmente.<\/p>\n<p>Hoje, por\u00e9m, ele negou que durante a pandemia tenha sido contra a vacina e citou inclusive que \u00e9 favor\u00e1vel a vacina\u00e7\u00e3o da sua m\u00e3e de 93 anos. &#8220;Nunca fui contra a vacina sempre disse &#8216;passou pela Anvisa, compra'&#8221;, destacou.<\/p>\n<p>O procurador-geral da Rep\u00fablica, Augusto Aras, abriu um procedimento preliminar para apurar a atua\u00e7\u00e3o do presidente e do ministro da Sa\u00fade, Eduardo Pazuello, no enfrentamento da pandemia do novo coronav\u00edrus.<\/p>\n<p>Na semana passada, a ag\u00eancia reguladora foi alvo de pol\u00eamica ap\u00f3s declara\u00e7\u00f5es do l\u00edder do governo na C\u00e2mara, Ricardo Barros (PP-PR), que afirmou ao Estad\u00e3o que o \u00f3rg\u00e3o precisava ser &#8220;enquadrado&#8221; para flexibilizar a libera\u00e7\u00e3o de registros de outros imunizantes. Sobre o assunto, Bolsonaro disse n\u00e3o apoiar a briga do deputado com a ag\u00eancia. Questionado se Barros deveria ser trocado do cargo, Bolsonaro desconversou.<\/p>\n<p>&#8220;Eu tenho conversado com o Ricardo Barros, converso com ele reservadamente. Ele j\u00e1 foi ministro, j\u00e1 foi l\u00edder de outros governos. Ele tem uma liberdade muito grande. Essa briga com a Anvisa eu n\u00e3o apoio. (\u00c9) um \u00f3rg\u00e3o aut\u00f4nomo, independente, que tem um papel important\u00edssimo na sa\u00fade p\u00fablica&#8221;, disse.<\/p>\n<p>&nbsp;<\/p>\n<p><strong>Fonte: Terra<\/strong><\/p>\n<p>&nbsp;<\/p>\n","protected":false},"excerpt":{"rendered":"<p>Em mudan\u00e7a de tom, o presidente Jair Bolsonaro atrelou nesta segunda-feira, 8, a vacina\u00e7\u00e3o contra a covid-19 \u00e0 retomada da economia. Na avalia\u00e7\u00e3o de Bolsonaro, a economia brasileira ainda n\u00e3o est\u00e1 recuperada ou &#8220;madura&#8221;, mas est\u00e1 reagindo. &#8220;Estamos fazendo o poss\u00edvel. Estamos preocupados com a vida. Se vacinar, a chance de voltarmos \u00e0 normalidade na &hellip;<\/p>\n","protected":false},"author":1,"featured_media":12798,"comment_status":"closed","ping_status":"closed","sticky":false,"template":"","format":"standard","meta":{"_jetpack_newsletter_access":"","_jetpack_dont_email_post_to_subs":false,"_jetpack_newsletter_tier_id":0,"_jetpack_memberships_contains_paywalled_content":false,"_jetpack_memberships_contains_paid_content":false,"footnotes":""},"categories":[1],"tags":[],"class_list":["post-12797","post","type-post","status-publish","format-standard","has-post-thumbnail","hentry","category-destaque"],"jetpack_sharing_enabled":true,"jetpack_featured_media_url":"","_links":{"self":[{"href":"https:\/\/www.oparanews.com.br\/index.php\/wp-json\/wp\/v2\/posts\/12797","targetHints":{"allow":["GET"]}}],"collection":[{"href":"https:\/\/www.oparanews.com.br\/index.php\/wp-json\/wp\/v2\/posts"}],"about":[{"href":"https:\/\/www.oparanews.com.br\/index.php\/wp-json\/wp\/v2\/types\/post"}],"author":[{"embeddable":true,"href":"https:\/\/www.oparanews.com.br\/index.php\/wp-json\/wp\/v2\/users\/1"}],"replies":[{"embeddable":true,"href":"https:\/\/www.oparanews.com.br\/index.php\/wp-json\/wp\/v2\/comments?post=12797"}],"version-history":[{"count":0,"href":"https:\/\/www.oparanews.com.br\/index.php\/wp-json\/wp\/v2\/posts\/12797\/revisions"}],"wp:attachment":[{"href":"https:\/\/www.oparanews.com.br\/index.php\/wp-json\/wp\/v2\/media?parent=12797"}],"wp:term":[{"taxonomy":"category","embeddable":true,"href":"https:\/\/www.oparanews.com.br\/index.php\/wp-json\/wp\/v2\/categories?post=12797"},{"taxonomy":"post_tag","embeddable":true,"href":"https:\/\/www.oparanews.com.br\/index.php\/wp-json\/wp\/v2\/tags?post=12797"}],"curies":[{"name":"wp","href":"https:\/\/api.w.org\/{rel}","templated":true}]}}