{"id":12800,"date":"2021-02-09T11:23:32","date_gmt":"2021-02-09T11:23:32","guid":{"rendered":"https:\/\/oparanews.com.br\/?p=12800"},"modified":"2021-02-09T11:23:32","modified_gmt":"2021-02-09T11:23:32","slug":"sasha-meneghel-e-pedida-em-casamento-por-joao-figueiredo","status":"publish","type":"post","link":"https:\/\/www.oparanews.com.br\/index.php\/2021\/02\/09\/sasha-meneghel-e-pedida-em-casamento-por-joao-figueiredo\/","title":{"rendered":"Sasha Meneghel \u00e9 pedida em casamento por Jo\u00e3o Figueiredo"},"content":{"rendered":"<p>Sasha Meneghel anunciou na noite desta segunda-feira (8), em seu Instagram, que est\u00e1 noiva de Jo\u00e3o Figueiredo.<\/p>\n<p>Em uma s\u00e9rie de fotos com o momento do pedido, a modelo, de 22 anos, se declarou para o cantor e aceitou seu pedido na legenda da publica\u00e7\u00e3o.<\/p>\n<p>\u201cEu vou dizer sim para voc\u00ea pelo resto da minha vida! Te amo, meu melhor amigo e amor da minha vida\u201d.<\/p>\n<p>Em seu instagram, o cantor tamb\u00e9m publicou uma s\u00e9rie de fotos com o momento do pedido e mostrando a alian\u00e7a de noivado.<\/p>\n<p>\u201cEla disse sim \ud83d\udc8d 07\/11\/20 \u2013 prometo te fazer feliz pra sempre, meu amor \ud83e\udd0d\u201d<\/p>\n<p>&nbsp;<\/p>\n<p><strong>Fonte: ISTO\u00c9<\/strong><\/p>\n<p>&nbsp;<\/p>\n","protected":false},"excerpt":{"rendered":"<p>Sasha Meneghel anunciou na noite desta segunda-feira (8), em seu Instagram, que est\u00e1 noiva de Jo\u00e3o Figueiredo. Em uma s\u00e9rie de fotos com o momento do pedido, a modelo, de 22 anos, se declarou para o cantor e aceitou seu pedido na legenda da publica\u00e7\u00e3o. \u201cEu vou dizer sim para voc\u00ea pelo resto da minha &hellip;<\/p>\n","protected":false},"author":1,"featured_media":12801,"comment_status":"closed","ping_status":"closed","sticky":false,"template":"","format":"standard","meta":{"_jetpack_newsletter_access":"","_jetpack_dont_email_post_to_subs":false,"_jetpack_newsletter_tier_id":0,"_jetpack_memberships_contains_paywalled_content":false,"_jetpack_memberships_contains_paid_content":false,"footnotes":""},"categories":[1],"tags":[],"class_list":["post-12800","post","type-post","status-publish","format-standard","has-post-thumbnail","hentry","category-destaque"],"jetpack_sharing_enabled":true,"jetpack_featured_media_url":"","_links":{"self":[{"href":"https:\/\/www.oparanews.com.br\/index.php\/wp-json\/wp\/v2\/posts\/12800","targetHints":{"allow":["GET"]}}],"collection":[{"href":"https:\/\/www.oparanews.com.br\/index.php\/wp-json\/wp\/v2\/posts"}],"about":[{"href":"https:\/\/www.oparanews.com.br\/index.php\/wp-json\/wp\/v2\/types\/post"}],"author":[{"embeddable":true,"href":"https:\/\/www.oparanews.com.br\/index.php\/wp-json\/wp\/v2\/users\/1"}],"replies":[{"embeddable":true,"href":"https:\/\/www.oparanews.com.br\/index.php\/wp-json\/wp\/v2\/comments?post=12800"}],"version-history":[{"count":0,"href":"https:\/\/www.oparanews.com.br\/index.php\/wp-json\/wp\/v2\/posts\/12800\/revisions"}],"wp:attachment":[{"href":"https:\/\/www.oparanews.com.br\/index.php\/wp-json\/wp\/v2\/media?parent=12800"}],"wp:term":[{"taxonomy":"category","embeddable":true,"href":"https:\/\/www.oparanews.com.br\/index.php\/wp-json\/wp\/v2\/categories?post=12800"},{"taxonomy":"post_tag","embeddable":true,"href":"https:\/\/www.oparanews.com.br\/index.php\/wp-json\/wp\/v2\/tags?post=12800"}],"curies":[{"name":"wp","href":"https:\/\/api.w.org\/{rel}","templated":true}]}}