{"id":12803,"date":"2021-02-09T11:29:35","date_gmt":"2021-02-09T11:29:35","guid":{"rendered":"https:\/\/oparanews.com.br\/?p=12803"},"modified":"2021-02-09T11:29:35","modified_gmt":"2021-02-09T11:29:35","slug":"loco-abreu-desembarca-em-bh-para-a-disputa-do-campeonato-mineiro","status":"publish","type":"post","link":"https:\/\/www.oparanews.com.br\/index.php\/2021\/02\/09\/loco-abreu-desembarca-em-bh-para-a-disputa-do-campeonato-mineiro\/","title":{"rendered":"Loco Abreu desembarca em BH para a disputa do Campeonato Mineiro"},"content":{"rendered":"<p>Umas das maiores atra\u00e7\u00f5es do Campeonato Mineiro de 2021, Loco Abreu j\u00e1 est\u00e1 em Minas Gerais. O atacante desembarcou no Aeroporto Internacional de Belo Horizonte, em Confins, no in\u00edcio da noite desta segunda-feira. Nesta ter\u00e7a-feira, ele far\u00e1 exames m\u00e9dicos para assinar com o Athletic Club, da cidade de S\u00e3o Jo\u00e3o Del Rei, que disputar\u00e1 a elite do futebol do estado pela primeira vez desde 1970.<\/p>\n<p>No ano passado, o Athletic j\u00e1 tentou a contrata\u00e7\u00e3o de Abreu para a disputa do M\u00f3dulo II. Perguntado sobre o motivo de ter aceitado o convite em 2021, o atacante relembrou esse convite e disse que a oportunidade de disputar o Mineiro em um momento hist\u00f3rico do clube ser\u00e1, tamb\u00e9m, marcante para ele.<\/p>\n<p>&#8211; Isso a\u00ed tem que perguntar para eles (diretoria). Foram at\u00e9 o Uruguai no ano passado com a inten\u00e7\u00e3o de somar a gente ao projeto do clube que em 2018 voltou ao profissional. Tinha 50 anos sem jogar a primeira divis\u00e3o e tinha vontade de contar com a gente para poder subir. Infelizmente j\u00e1 tinha compromisso com o time l\u00e1 no Uruguai e no momento que subiu para a primeira divis\u00e3o, ligaram na hora falando que n\u00e3o que vem eu tinha que vir comemorar esse retorno. Foi assim, eles ligaram, a gente come\u00e7ou a falar e rapidamente deu para entender o momento da torcida, do povo, da diretoria do Athletic.<\/p>\n<p>&#8220;Eu falo que n\u00e3o subestimo minhas condi\u00e7\u00f5es mentais e f\u00edsicas, mas como tem gente que acredita como eu acredito em mim, eu n\u00e3o sei se vou fazer hist\u00f3ria, mas para mim vai ser um ano hist\u00f3rico por poder participar do Athletic nesse ano especial&#8221;<\/p>\n<p>Esta \u00e9 a primeira passagem do uruguaio pelo futebol mineiro. \u00cddolo do Botafogo e conhecido pelo p\u00eanalti batido com a &#8220;cavadinha&#8221;, ele tamb\u00e9m j\u00e1 defendeu Gr\u00eamio, Figueirense, Bangu e Rio Branco-ES em territ\u00f3rio brasileiro. Loco fez parte da campanha da sele\u00e7\u00e3o uruguaia na campanha que terminou com o terceiro lugar da Copa do Mundo de 2010, na \u00c1frica do Sul.<\/p>\n<p>O \u00faltimo clube de Loco Abreu foi o Boston River, de seu pa\u00eds natal. L\u00e1, ele acumulou as fun\u00e7\u00f5es de jogador e t\u00e9cnico. No momento de sua sa\u00edda, em novembro, o time ocupava a \u00faltima coloca\u00e7\u00e3o do campeonato nacional.<\/p>\n<p>A poss\u00edvel estreia do uruguaio ser\u00e1 no dia 28 de janeiro. O Athletic encara a Patrocinense, fora de casa, pela primeira rodada do Campeonato Mineiro.<\/p>\n<p>&nbsp;<\/p>\n<p><strong>Fonte: GE<\/strong><\/p>\n<p>&nbsp;<\/p>\n","protected":false},"excerpt":{"rendered":"<p>Umas das maiores atra\u00e7\u00f5es do Campeonato Mineiro de 2021, Loco Abreu j\u00e1 est\u00e1 em Minas Gerais. O atacante desembarcou no Aeroporto Internacional de Belo Horizonte, em Confins, no in\u00edcio da noite desta segunda-feira. Nesta ter\u00e7a-feira, ele far\u00e1 exames m\u00e9dicos para assinar com o Athletic Club, da cidade de S\u00e3o Jo\u00e3o Del Rei, que disputar\u00e1 a &hellip;<\/p>\n","protected":false},"author":1,"featured_media":12804,"comment_status":"closed","ping_status":"closed","sticky":false,"template":"","format":"standard","meta":{"_jetpack_newsletter_access":"","_jetpack_dont_email_post_to_subs":false,"_jetpack_newsletter_tier_id":0,"_jetpack_memberships_contains_paywalled_content":false,"_jetpack_memberships_contains_paid_content":false,"footnotes":""},"categories":[1],"tags":[],"class_list":["post-12803","post","type-post","status-publish","format-standard","has-post-thumbnail","hentry","category-destaque"],"jetpack_sharing_enabled":true,"jetpack_featured_media_url":"","_links":{"self":[{"href":"https:\/\/www.oparanews.com.br\/index.php\/wp-json\/wp\/v2\/posts\/12803","targetHints":{"allow":["GET"]}}],"collection":[{"href":"https:\/\/www.oparanews.com.br\/index.php\/wp-json\/wp\/v2\/posts"}],"about":[{"href":"https:\/\/www.oparanews.com.br\/index.php\/wp-json\/wp\/v2\/types\/post"}],"author":[{"embeddable":true,"href":"https:\/\/www.oparanews.com.br\/index.php\/wp-json\/wp\/v2\/users\/1"}],"replies":[{"embeddable":true,"href":"https:\/\/www.oparanews.com.br\/index.php\/wp-json\/wp\/v2\/comments?post=12803"}],"version-history":[{"count":0,"href":"https:\/\/www.oparanews.com.br\/index.php\/wp-json\/wp\/v2\/posts\/12803\/revisions"}],"wp:attachment":[{"href":"https:\/\/www.oparanews.com.br\/index.php\/wp-json\/wp\/v2\/media?parent=12803"}],"wp:term":[{"taxonomy":"category","embeddable":true,"href":"https:\/\/www.oparanews.com.br\/index.php\/wp-json\/wp\/v2\/categories?post=12803"},{"taxonomy":"post_tag","embeddable":true,"href":"https:\/\/www.oparanews.com.br\/index.php\/wp-json\/wp\/v2\/tags?post=12803"}],"curies":[{"name":"wp","href":"https:\/\/api.w.org\/{rel}","templated":true}]}}