{"id":12806,"date":"2021-02-09T11:32:03","date_gmt":"2021-02-09T11:32:03","guid":{"rendered":"https:\/\/oparanews.com.br\/?p=12806"},"modified":"2021-02-09T11:32:03","modified_gmt":"2021-02-09T11:32:03","slug":"penedo-registra-2-080-casos-do-novo-coronavirus","status":"publish","type":"post","link":"https:\/\/www.oparanews.com.br\/index.php\/2021\/02\/09\/penedo-registra-2-080-casos-do-novo-coronavirus\/","title":{"rendered":"Penedo registra 2.080 casos do novo Coronavirus"},"content":{"rendered":"<p>A Secretaria Municipal de Sa\u00fade (SEMS) da Prefeitura de Penedo divulgou nesta segunda-feira (8), os n\u00fameros atualizados sobre a pandemia de Covid-19 no munic\u00edpio, dados esses contidos no Boletim Epidemiol\u00f3gico divulgado diariamente.<\/p>\n<p>De acordo com o Boletim Epidemiol\u00f3gico, 73 pessoas est\u00e3o sendo monitoradas em Penedo, com 03 casos sendo s\u00e3o considerados suspeitos, pois aguardam exame PCR- Prote\u00edna C Reativa.<\/p>\n<p>Os n\u00fameros tamb\u00e9m mostram o n\u00famero de casos confirmados \u00e9 de 2080 ocorr\u00eancias, referentes a contabiliza\u00e7\u00e3o dos casos desde mar\u00e7o de 2020, per\u00edodo em que foram registrados os primeiros n\u00fameros em Penedo.<\/p>\n<p>Desse total, 1931 pessoas se recuperaram da doen\u00e7a, ap\u00f3s passarem pelos cuidados m\u00e9dicos.<\/p>\n<p>Al\u00e9m disso, 1906 casos foram descartados, ap\u00f3s constatado n\u00e3o serem Covid-19 e 25 pessoas morreram em raz\u00e3o da pandemia.<\/p>\n<p><strong>Unidade de Refer\u00eancia em S\u00edndromes Gripais<\/strong><\/p>\n<p>Na Unidade de Refer\u00eancia em S\u00edndromes Gripais durante esta segunda-feira (8), ocorreram 77 atendimentos, com a realiza\u00e7\u00e3o de 31 testes r\u00e1pidos, que resultaram em 14 diagn\u00f3sticos positivos e 17 negativos.<\/p>\n<p>A Prefeitura de Penedo informa tamb\u00e9m que a Unidade de S\u00edndromes Gripais localizada na Avenida Wanderlei, nas proximidades do trevo da \u201cToca do \u00cdndio\u201d, est\u00e1 funcionando de Segunda a Sexta-feira das 7h \u00e0s 17h. Devendo a popula\u00e7\u00e3o procurar o centro especializado ao sentirem os primeiros sintomas de Covid-19.<\/p>\n<p>Al\u00e9m disso tamb\u00e9m alerta a popula\u00e7\u00e3o penedense para a import\u00e2ncia da manuten\u00e7\u00e3o do distanciamento social como medida preventiva, da mesma forma que o uso de m\u00e1scaras e a ado\u00e7\u00e3o de medidas de higiene, a exemplo de lavar corretamente as m\u00e3os e utilizar \u00e1lcool 70%.<\/p>\n<p><strong>Casos por localidades<\/strong><\/p>\n<p>O Boletim Epidemiol\u00f3gico desta segunda-feira (8), tamb\u00e9m mostra o n\u00famero de casos por localidade.<\/p>\n<p>Na frente da contabiliza\u00e7\u00e3o est\u00e1 o Bairro Dom Constantino com 665 casos, situa\u00e7\u00e3o que se mant\u00e9m desde o in\u00edcio da pandemia. Logo em seguida est\u00e1 o Bairro Santa Luzia com 361 e o Centro da cidade com 314.<\/p>\n<p>&nbsp;<\/p>\n<p><strong>Fonte: Decom &#8211; PMP<\/strong><\/p>\n<p><img loading=\"lazy\" decoding=\"async\" class=\"alignleft size-medium wp-image-12808\" src=\"https:\/\/oparanews.com.br\/wp-content\/uploads\/2021\/02\/Sem-t\u00edtulo-74-274x300.jpg\" alt=\"\" width=\"274\" height=\"300\" \/><\/p>\n","protected":false},"excerpt":{"rendered":"<p>A Secretaria Municipal de Sa\u00fade (SEMS) da Prefeitura de Penedo divulgou nesta segunda-feira (8), os n\u00fameros atualizados sobre a pandemia de Covid-19 no munic\u00edpio, dados esses contidos no Boletim Epidemiol\u00f3gico divulgado diariamente. De acordo com o Boletim Epidemiol\u00f3gico, 73 pessoas est\u00e3o sendo monitoradas em Penedo, com 03 casos sendo s\u00e3o considerados suspeitos, pois aguardam exame &hellip;<\/p>\n","protected":false},"author":1,"featured_media":12807,"comment_status":"closed","ping_status":"closed","sticky":false,"template":"","format":"standard","meta":{"_jetpack_newsletter_access":"","_jetpack_dont_email_post_to_subs":false,"_jetpack_newsletter_tier_id":0,"_jetpack_memberships_contains_paywalled_content":false,"_jetpack_memberships_contains_paid_content":false,"footnotes":""},"categories":[1],"tags":[],"class_list":["post-12806","post","type-post","status-publish","format-standard","has-post-thumbnail","hentry","category-destaque"],"jetpack_sharing_enabled":true,"jetpack_featured_media_url":"","_links":{"self":[{"href":"https:\/\/www.oparanews.com.br\/index.php\/wp-json\/wp\/v2\/posts\/12806","targetHints":{"allow":["GET"]}}],"collection":[{"href":"https:\/\/www.oparanews.com.br\/index.php\/wp-json\/wp\/v2\/posts"}],"about":[{"href":"https:\/\/www.oparanews.com.br\/index.php\/wp-json\/wp\/v2\/types\/post"}],"author":[{"embeddable":true,"href":"https:\/\/www.oparanews.com.br\/index.php\/wp-json\/wp\/v2\/users\/1"}],"replies":[{"embeddable":true,"href":"https:\/\/www.oparanews.com.br\/index.php\/wp-json\/wp\/v2\/comments?post=12806"}],"version-history":[{"count":0,"href":"https:\/\/www.oparanews.com.br\/index.php\/wp-json\/wp\/v2\/posts\/12806\/revisions"}],"wp:attachment":[{"href":"https:\/\/www.oparanews.com.br\/index.php\/wp-json\/wp\/v2\/media?parent=12806"}],"wp:term":[{"taxonomy":"category","embeddable":true,"href":"https:\/\/www.oparanews.com.br\/index.php\/wp-json\/wp\/v2\/categories?post=12806"},{"taxonomy":"post_tag","embeddable":true,"href":"https:\/\/www.oparanews.com.br\/index.php\/wp-json\/wp\/v2\/tags?post=12806"}],"curies":[{"name":"wp","href":"https:\/\/api.w.org\/{rel}","templated":true}]}}