{"id":12810,"date":"2021-02-09T11:34:04","date_gmt":"2021-02-09T11:34:04","guid":{"rendered":"https:\/\/oparanews.com.br\/?p=12810"},"modified":"2021-02-09T11:34:04","modified_gmt":"2021-02-09T11:34:04","slug":"santos-se-reune-com-tiago-nunes-e-espera-contraproposta","status":"publish","type":"post","link":"https:\/\/www.oparanews.com.br\/index.php\/2021\/02\/09\/santos-se-reune-com-tiago-nunes-e-espera-contraproposta\/","title":{"rendered":"Santos se re\u00fane com Tiago Nunes e espera contraproposta"},"content":{"rendered":"<p>O Santos negocia a contrata\u00e7\u00e3o de Tiago Nunes para substituir Cuca. O Peixe se reuniu com o t\u00e9cnico nos \u00faltimos dias e agora busca um acerto financeiro com seus representantes.<\/p>\n<p>Tiago n\u00e3o \u00e9 a \u00fanica op\u00e7\u00e3o do Alvinegro, mas \u00e9 quem larga na frente neste momento. Ele gostou do projeto apresentado pelo Santos e est\u00e1 disposto a readequar seu sal\u00e1rio.<\/p>\n<p>O Peixe aceita pagar cerca de metade do que Tiago Nunes e sua comiss\u00e3o recebiam no Corinthians. Uma contraproposta do estafe do profissional deve ser feita nos pr\u00f3ximos dias.<\/p>\n<p>Tiago se animou com a procura do Santos. Ele sabe das dificuldades financeiras e se v\u00ea capaz de potencializar o Peixe por meio dos jovens jogadores do atual elenco profissional e dos que podem chegar da base.<\/p>\n<p>Outro ponto positivo na vis\u00e3o do treinador \u00e9 a presen\u00e7a de Marinho e Soteldo. Ter dois pontas de alto n\u00edvel foi algo que Tiago Nunes tentou e n\u00e3o conseguiu no Corinthians.<\/p>\n<p>O Santos enxerga em Tiago um t\u00e9cnico moderno, estudioso, capaz de ajudar no projeto de curto e m\u00e9dio prazo e de reeditar o \u00f3timo desempenho no Athletico-PR campe\u00e3o da Copa do Brasil e da Sul-Americana.<\/p>\n<p>Tiago tem 40 anos, come\u00e7ou no S\u00e3o Luiz e passou por Luverdense, Rio Branco, Sapucaiense, Nacional, Riograndense, Bag\u00e9, Uni\u00e3o Frederiquense, base do Gr\u00eamio, Juventude e Ferrovi\u00e1ria, S\u00e3o Paulo (RS), Veran\u00f3polis, sub-23 do Athletico-PR, time profissional do Athletico e Corinthians. Ele est\u00e1 livre no mercado desde setembro, quando foi demitido do Tim\u00e3o.<\/p>\n<p>A diretoria santista sondou cinco t\u00e9cnicos nos \u00faltimos dias. Tiago Nunes \u00e9 o mais cotado atualmente, mas o Peixe adota cautela por essa defini\u00e7\u00e3o para diminuir a chance de erro. Hern\u00e1n Crespo, ex-Defensa y Justicia (ARG), foi considerado caro. Ele negocia com o S\u00e3o Paulo.<\/p>\n<p><strong>Cuca at\u00e9 o fim do Campeonato Brasileiro?<\/strong><\/p>\n<p>O Santos procura um novo t\u00e9cnico, mas quer Cuca at\u00e9 o fim do Campeonato Brasileiro. O Peixe tem quatro jogos para tentar vaga na pr\u00f3xima edi\u00e7\u00e3o da Libertadores da Am\u00e9rica.<\/p>\n<p>Como a Gazeta Esportiva antecipou, o Alvinegro soube da sa\u00edda de Cuca e come\u00e7ou a buscar op\u00e7\u00f5es no mercado na semana passada. O clube, por\u00e9m, espera ter Cuca nessa transi\u00e7\u00e3o. E Cuca est\u00e1 disposto a ajudar.<\/p>\n<p>O Santos sinalizou aumento salarial e descanso entre o fim do Brasileir\u00e3o e o in\u00edcio do Paulist\u00e3o, mas Cuca est\u00e1 decidido a sair. H\u00e1 quem ainda tente convenc\u00ea-lo no Peixe. A chance \u00e9 remot\u00edssima.<\/p>\n<p>Cuca sabe das limita\u00e7\u00f5es financeiras do Santos e n\u00e3o quer correr o risco de ficar e ser cobrado por bons resultados durante a reformula\u00e7\u00e3o no clube. Ele entende que o Peixe foi al\u00e9m da expectativa diante de tantos problemas nos \u00faltimos meses e agora seria dif\u00edcil dar um passo atr\u00e1s e fazer o torcedor compreender a poss\u00edvel perda de competitividade.<\/p>\n<p>O vice-campeonato da Libertadores para o Palmeiras abalou o t\u00e9cnico, que j\u00e1 pensava em sair antes mesmo da decis\u00e3o. O Alvinegro perdeu Lucas Ver\u00edssimo e Diego Pituca e pode vender mais titulares.<\/p>\n<p>O Santos \u00e9 o 10\u00ba colocado, com 47 pontos, e tenta obter a vaga na pr\u00f3xima Libertadores. O Peixe enfrentar\u00e1 Coritiba, Corinthians e Fluminense (Vila Belmiro) e Bahia (Fonte Nova).<\/p>\n<p>&nbsp;<\/p>\n<p><strong>Fonte: Terra<\/strong><\/p>\n<p>&nbsp;<\/p>\n","protected":false},"excerpt":{"rendered":"<p>O Santos negocia a contrata\u00e7\u00e3o de Tiago Nunes para substituir Cuca. O Peixe se reuniu com o t\u00e9cnico nos \u00faltimos dias e agora busca um acerto financeiro com seus representantes. Tiago n\u00e3o \u00e9 a \u00fanica op\u00e7\u00e3o do Alvinegro, mas \u00e9 quem larga na frente neste momento. Ele gostou do projeto apresentado pelo Santos e est\u00e1 &hellip;<\/p>\n","protected":false},"author":1,"featured_media":12811,"comment_status":"closed","ping_status":"closed","sticky":false,"template":"","format":"standard","meta":{"_jetpack_newsletter_access":"","_jetpack_dont_email_post_to_subs":false,"_jetpack_newsletter_tier_id":0,"_jetpack_memberships_contains_paywalled_content":false,"_jetpack_memberships_contains_paid_content":false,"footnotes":""},"categories":[1],"tags":[],"class_list":["post-12810","post","type-post","status-publish","format-standard","has-post-thumbnail","hentry","category-destaque"],"jetpack_sharing_enabled":true,"jetpack_featured_media_url":"","_links":{"self":[{"href":"https:\/\/www.oparanews.com.br\/index.php\/wp-json\/wp\/v2\/posts\/12810","targetHints":{"allow":["GET"]}}],"collection":[{"href":"https:\/\/www.oparanews.com.br\/index.php\/wp-json\/wp\/v2\/posts"}],"about":[{"href":"https:\/\/www.oparanews.com.br\/index.php\/wp-json\/wp\/v2\/types\/post"}],"author":[{"embeddable":true,"href":"https:\/\/www.oparanews.com.br\/index.php\/wp-json\/wp\/v2\/users\/1"}],"replies":[{"embeddable":true,"href":"https:\/\/www.oparanews.com.br\/index.php\/wp-json\/wp\/v2\/comments?post=12810"}],"version-history":[{"count":0,"href":"https:\/\/www.oparanews.com.br\/index.php\/wp-json\/wp\/v2\/posts\/12810\/revisions"}],"wp:attachment":[{"href":"https:\/\/www.oparanews.com.br\/index.php\/wp-json\/wp\/v2\/media?parent=12810"}],"wp:term":[{"taxonomy":"category","embeddable":true,"href":"https:\/\/www.oparanews.com.br\/index.php\/wp-json\/wp\/v2\/categories?post=12810"},{"taxonomy":"post_tag","embeddable":true,"href":"https:\/\/www.oparanews.com.br\/index.php\/wp-json\/wp\/v2\/tags?post=12810"}],"curies":[{"name":"wp","href":"https:\/\/api.w.org\/{rel}","templated":true}]}}