{"id":12813,"date":"2021-02-09T11:35:28","date_gmt":"2021-02-09T11:35:28","guid":{"rendered":"https:\/\/oparanews.com.br\/?p=12813"},"modified":"2021-02-09T11:35:28","modified_gmt":"2021-02-09T11:35:28","slug":"ceni-tera-time-encorpado-para-a-proxima-final-do-flamengo","status":"publish","type":"post","link":"https:\/\/www.oparanews.com.br\/index.php\/2021\/02\/09\/ceni-tera-time-encorpado-para-a-proxima-final-do-flamengo\/","title":{"rendered":"Ceni ter\u00e1 time encorpado para a pr\u00f3xima &#8220;final&#8221; do Flamengo"},"content":{"rendered":"<p>Ap\u00f3s o empate frustrante com o Bragantino, no domingo, o Flamengo se reapresenta na tarde desta ter\u00e7a no Ninho do Urubu para iniciar a prepara\u00e7\u00e3o para uma nova &#8220;final&#8221;. O obst\u00e1culo da vez \u00e9 o Corinthians, domingo, no Maracan\u00e3. E a tend\u00eancia \u00e9 de novidades no time.<\/p>\n<p>Ap\u00f3s desfalcar o Flamengo contra Athletico, Gr\u00eamio, Sport, Vasco e Bragantino, Rodrigo Caio tem boas chances de ser relacionado na pr\u00f3xima rodada. Recuperado de uma les\u00e3o na coxa, o zagueiro est\u00e1 em transi\u00e7\u00e3o para o campo, e a tend\u00eancia \u00e9 de que reinicie nos pr\u00f3ximos dias os treinamentos junto com restante do time.<\/p>\n<p>Desta forma, Rog\u00e9rio Ceni ter\u00e1 que tomar algumas decis\u00f5es para a montagem do time titular. Se decidir pela manuten\u00e7\u00e3o de Ar\u00e3o na zaga, a tend\u00eancia \u00e9 de que Gustavo Henrique, que teve atua\u00e7\u00f5es elogiadas nas \u00faltimas partidas, v\u00e1 para o banco.<\/p>\n<p>&nbsp;<\/p>\n<p><strong>Fonte: GE<\/strong><\/p>\n<p>&nbsp;<\/p>\n","protected":false},"excerpt":{"rendered":"<p>Ap\u00f3s o empate frustrante com o Bragantino, no domingo, o Flamengo se reapresenta na tarde desta ter\u00e7a no Ninho do Urubu para iniciar a prepara\u00e7\u00e3o para uma nova &#8220;final&#8221;. O obst\u00e1culo da vez \u00e9 o Corinthians, domingo, no Maracan\u00e3. E a tend\u00eancia \u00e9 de novidades no time. Ap\u00f3s desfalcar o Flamengo contra Athletico, Gr\u00eamio, Sport, &hellip;<\/p>\n","protected":false},"author":1,"featured_media":12814,"comment_status":"closed","ping_status":"closed","sticky":false,"template":"","format":"standard","meta":{"_jetpack_newsletter_access":"","_jetpack_dont_email_post_to_subs":false,"_jetpack_newsletter_tier_id":0,"_jetpack_memberships_contains_paywalled_content":false,"_jetpack_memberships_contains_paid_content":false,"footnotes":""},"categories":[1],"tags":[],"class_list":["post-12813","post","type-post","status-publish","format-standard","has-post-thumbnail","hentry","category-destaque"],"jetpack_sharing_enabled":true,"jetpack_featured_media_url":"","_links":{"self":[{"href":"https:\/\/www.oparanews.com.br\/index.php\/wp-json\/wp\/v2\/posts\/12813","targetHints":{"allow":["GET"]}}],"collection":[{"href":"https:\/\/www.oparanews.com.br\/index.php\/wp-json\/wp\/v2\/posts"}],"about":[{"href":"https:\/\/www.oparanews.com.br\/index.php\/wp-json\/wp\/v2\/types\/post"}],"author":[{"embeddable":true,"href":"https:\/\/www.oparanews.com.br\/index.php\/wp-json\/wp\/v2\/users\/1"}],"replies":[{"embeddable":true,"href":"https:\/\/www.oparanews.com.br\/index.php\/wp-json\/wp\/v2\/comments?post=12813"}],"version-history":[{"count":0,"href":"https:\/\/www.oparanews.com.br\/index.php\/wp-json\/wp\/v2\/posts\/12813\/revisions"}],"wp:attachment":[{"href":"https:\/\/www.oparanews.com.br\/index.php\/wp-json\/wp\/v2\/media?parent=12813"}],"wp:term":[{"taxonomy":"category","embeddable":true,"href":"https:\/\/www.oparanews.com.br\/index.php\/wp-json\/wp\/v2\/categories?post=12813"},{"taxonomy":"post_tag","embeddable":true,"href":"https:\/\/www.oparanews.com.br\/index.php\/wp-json\/wp\/v2\/tags?post=12813"}],"curies":[{"name":"wp","href":"https:\/\/api.w.org\/{rel}","templated":true}]}}