{"id":12816,"date":"2021-02-09T18:49:32","date_gmt":"2021-02-09T18:49:32","guid":{"rendered":"https:\/\/oparanews.com.br\/?p=12816"},"modified":"2021-02-09T18:49:32","modified_gmt":"2021-02-09T18:49:32","slug":"ocupacao-de-uti-para-covid-19-em-alagoas-cresce-10-em-uma-semana","status":"publish","type":"post","link":"https:\/\/www.oparanews.com.br\/index.php\/2021\/02\/09\/ocupacao-de-uti-para-covid-19-em-alagoas-cresce-10-em-uma-semana\/","title":{"rendered":"Ocupa\u00e7\u00e3o de UTI para Covid-19 em Alagoas cresce 10% em uma semana"},"content":{"rendered":"<p>A ocupa\u00e7\u00e3o de leitos de UTI exclusivos para Covid-19 nos hospitais p\u00fablicos de Alagoas chegou a 60% nessa segunda-feira (8). Essa taxa aumentou 10% em rela\u00e7\u00e3o \u00e0 da semana anterior, de acordo com o boletim mais recente do Observat\u00f3rio Alagoano de Pol\u00edticas P\u00fablicas para o Enfrentamento da Covid-19, da Universidade Federal de Alagoas (Ufal), divulgado nesta ter\u00e7a (9).<\/p>\n<p>No interior, a situa\u00e7\u00e3o \u00e9 ainda mais grave que na capital. Enquanto Macei\u00f3 estava com 53% do total de leitos de Covid-19 ocupados, o interior chegou a 72%, ultrapassando a margem de seguran\u00e7a indicada pelo Subcomit\u00ea de Epidemiologia ligado ao Comit\u00ea Cient\u00edfico do Cons\u00f3rcio Nordeste.<\/p>\n<p>Al\u00e9m dos pesquisadores do Observat\u00f3rio, o secret\u00e1rio de Estado da Sa\u00fade, Alexandre Ayres, alertou, na \u00faltima sexta (5), para o aumento no n\u00famero de interna\u00e7\u00f5es de pacientes com Covid-19.<\/p>\n<p>&#8220;Nas \u00faltimas 24 horas, registrados a interna\u00e7\u00e3o de 42 pacientes em nossa rede hospitalar Covid-19. Isso representa o dobro da m\u00e9dia di\u00e1ria dos \u00faltimos dias e refor\u00e7a a necessidade de colabora\u00e7\u00e3o da popula\u00e7\u00e3o&#8221;, disse o secret\u00e1rio em um post nas redes sociais.<\/p>\n<p>O relat\u00f3rio do Observat\u00f3rio da Ufal apontou uma redu\u00e7\u00e3o no n\u00famero de casos e \u00f3bitos por Covid-19 no estado na 5\u00aa Semana Epidemiol\u00f3gica de 2021, de 1 a 6 de fevereiro, na compara\u00e7\u00e3o com a semana anterior, mas os pesquisadores alertaram que, como essa queda no n\u00famero contrasta com outros indicadores da pandemia, como ocupa\u00e7\u00e3o hospitalar e n\u00famero de casos suspeitos, essa redu\u00e7\u00e3o pode ter sofrido interfer\u00eancia da defasagem de testagem.<\/p>\n<p>A orienta\u00e7\u00e3o dos pesquisadores \u00e9 para que as medidas de controle contra o novo coronav\u00edrus sejam refor\u00e7adas.<\/p>\n<p>&#8220;Assim, recomendamos que as medidas de controle sejam refor\u00e7adas para que possamos reverter a atual situa\u00e7\u00e3o de descontrole que poder\u00e1 pressionar ainda mais a demanda pelos servi\u00e7os de sa\u00fade. Neste sentido, o uso da m\u00e1scara, a higieniza\u00e7\u00e3o das m\u00e3os e o distanciamento social continuam sendo essenciais&#8221;, diz trecho do relat\u00f3rio.<\/p>\n<p>&nbsp;<\/p>\n<p><strong>Fonte: G1\/AL<\/strong><\/p>\n<p>&nbsp;<\/p>\n","protected":false},"excerpt":{"rendered":"<p>A ocupa\u00e7\u00e3o de leitos de UTI exclusivos para Covid-19 nos hospitais p\u00fablicos de Alagoas chegou a 60% nessa segunda-feira (8). Essa taxa aumentou 10% em rela\u00e7\u00e3o \u00e0 da semana anterior, de acordo com o boletim mais recente do Observat\u00f3rio Alagoano de Pol\u00edticas P\u00fablicas para o Enfrentamento da Covid-19, da Universidade Federal de Alagoas (Ufal), divulgado &hellip;<\/p>\n","protected":false},"author":1,"featured_media":12817,"comment_status":"closed","ping_status":"closed","sticky":false,"template":"","format":"standard","meta":{"_jetpack_newsletter_access":"","_jetpack_dont_email_post_to_subs":false,"_jetpack_newsletter_tier_id":0,"_jetpack_memberships_contains_paywalled_content":false,"_jetpack_memberships_contains_paid_content":false,"footnotes":""},"categories":[1],"tags":[],"class_list":["post-12816","post","type-post","status-publish","format-standard","has-post-thumbnail","hentry","category-destaque"],"jetpack_sharing_enabled":true,"jetpack_featured_media_url":"","_links":{"self":[{"href":"https:\/\/www.oparanews.com.br\/index.php\/wp-json\/wp\/v2\/posts\/12816","targetHints":{"allow":["GET"]}}],"collection":[{"href":"https:\/\/www.oparanews.com.br\/index.php\/wp-json\/wp\/v2\/posts"}],"about":[{"href":"https:\/\/www.oparanews.com.br\/index.php\/wp-json\/wp\/v2\/types\/post"}],"author":[{"embeddable":true,"href":"https:\/\/www.oparanews.com.br\/index.php\/wp-json\/wp\/v2\/users\/1"}],"replies":[{"embeddable":true,"href":"https:\/\/www.oparanews.com.br\/index.php\/wp-json\/wp\/v2\/comments?post=12816"}],"version-history":[{"count":0,"href":"https:\/\/www.oparanews.com.br\/index.php\/wp-json\/wp\/v2\/posts\/12816\/revisions"}],"wp:attachment":[{"href":"https:\/\/www.oparanews.com.br\/index.php\/wp-json\/wp\/v2\/media?parent=12816"}],"wp:term":[{"taxonomy":"category","embeddable":true,"href":"https:\/\/www.oparanews.com.br\/index.php\/wp-json\/wp\/v2\/categories?post=12816"},{"taxonomy":"post_tag","embeddable":true,"href":"https:\/\/www.oparanews.com.br\/index.php\/wp-json\/wp\/v2\/tags?post=12816"}],"curies":[{"name":"wp","href":"https:\/\/api.w.org\/{rel}","templated":true}]}}