{"id":12819,"date":"2021-02-09T19:21:12","date_gmt":"2021-02-09T19:21:12","guid":{"rendered":"https:\/\/oparanews.com.br\/?p=12819"},"modified":"2021-02-09T19:21:12","modified_gmt":"2021-02-09T19:21:12","slug":"semada-penedo-orienta-agricultores-familiares-sobre-producao-e-comercializacao","status":"publish","type":"post","link":"https:\/\/www.oparanews.com.br\/index.php\/2021\/02\/09\/semada-penedo-orienta-agricultores-familiares-sobre-producao-e-comercializacao\/","title":{"rendered":"SEMADA Penedo orienta agricultores familiares sobre produ\u00e7\u00e3o e comercializa\u00e7\u00e3o"},"content":{"rendered":"<p>Em reuni\u00e3o nesta ter\u00e7a-feira (9), na Casa de Aposentadoria, com os comerciantes e produtores da Feira da Agricultura Familiar, a equipe t\u00e9cnica da SEMADA (Secretaria Municipal de Abastecimento e Desenvolvimento Agr\u00edcola) orientou e tirou d\u00favidas dos agricultores.<\/p>\n<p>Os integrantes da Feira da Agricultura Familiar, projeto realizado desde novembro de 2018, e t\u00e9cnicos da secretaria debateram a realidade do trabalho pioneiro atualmente sob a gest\u00e3o do secret\u00e1rio Pedro Felipe Queiroz de Azevedo Santos.<\/p>\n<p>Foram esclarecidos diversos pontos e determinado como ser\u00e1 o funcionamento da feira a partir de agora, com os agricultores familiares tirando suas d\u00favidas sobre as regras de funcionamento da feira e a proibi\u00e7\u00e3o de aquisi\u00e7\u00e3o de produtos oriundos de outros munic\u00edpios ou de produtores que n\u00e3o se enquadram no perfil da agricultura familiar.<\/p>\n<p>De acordo com o Secret\u00e1rio Pedro Felipe, a SEMADA Penedo busca o retorno da a\u00e7\u00e3o \u00e0s suas origens, com o aux\u00edlio t\u00e9cnico necess\u00e1rio para o aumento da produ\u00e7\u00e3o agr\u00edcola em Penedo, uma das metas da gest\u00e3o do Prefeito Ronaldo Lopes.<\/p>\n<p>\u201cN\u00e3o podemos desconfigurar o projeto inicial com produtos que n\u00e3o tenham a ver com a agricultura familiar ou que n\u00e3o sejam produzidos em Penedo. As frutas, verduras e hortali\u00e7as devem ser produzidas sem agrot\u00f3xicos. Tamb\u00e9m estamos instruindo o produtor sobre formas de alavancar a produ\u00e7\u00e3o, fornecendo orienta\u00e7\u00e3o e insumos necess\u00e1rios para que isso aconte\u00e7a\u201d, explicou o Secret\u00e1rio Pedro Felipe.<\/p>\n<p><strong>Equipe T\u00e9cnica<\/strong><\/p>\n<p>Durante o encontro, os t\u00e9cnicos da SEMADA Penedo explicaram para os agricultores como \u00e9 feita a visita t\u00e9cnica a suas propriedades e o acompanhamento da produ\u00e7\u00e3o, orientando sobre as fases do plantio e quando est\u00e1 pronto para ser colhido e comercializado.<\/p>\n<p>&nbsp;<\/p>\n<p><strong>por Thiago Sobral &#8211; Decom (PMP)<\/strong><\/p>\n<p>&nbsp;<\/p>\n","protected":false},"excerpt":{"rendered":"<p>Em reuni\u00e3o nesta ter\u00e7a-feira (9), na Casa de Aposentadoria, com os comerciantes e produtores da Feira da Agricultura Familiar, a equipe t\u00e9cnica da SEMADA (Secretaria Municipal de Abastecimento e Desenvolvimento Agr\u00edcola) orientou e tirou d\u00favidas dos agricultores. Os integrantes da Feira da Agricultura Familiar, projeto realizado desde novembro de 2018, e t\u00e9cnicos da secretaria debateram &hellip;<\/p>\n","protected":false},"author":1,"featured_media":12820,"comment_status":"closed","ping_status":"closed","sticky":false,"template":"","format":"standard","meta":{"_jetpack_newsletter_access":"","_jetpack_dont_email_post_to_subs":false,"_jetpack_newsletter_tier_id":0,"_jetpack_memberships_contains_paywalled_content":false,"_jetpack_memberships_contains_paid_content":false,"footnotes":""},"categories":[1],"tags":[],"class_list":["post-12819","post","type-post","status-publish","format-standard","has-post-thumbnail","hentry","category-destaque"],"jetpack_sharing_enabled":true,"jetpack_featured_media_url":"","_links":{"self":[{"href":"https:\/\/www.oparanews.com.br\/index.php\/wp-json\/wp\/v2\/posts\/12819","targetHints":{"allow":["GET"]}}],"collection":[{"href":"https:\/\/www.oparanews.com.br\/index.php\/wp-json\/wp\/v2\/posts"}],"about":[{"href":"https:\/\/www.oparanews.com.br\/index.php\/wp-json\/wp\/v2\/types\/post"}],"author":[{"embeddable":true,"href":"https:\/\/www.oparanews.com.br\/index.php\/wp-json\/wp\/v2\/users\/1"}],"replies":[{"embeddable":true,"href":"https:\/\/www.oparanews.com.br\/index.php\/wp-json\/wp\/v2\/comments?post=12819"}],"version-history":[{"count":0,"href":"https:\/\/www.oparanews.com.br\/index.php\/wp-json\/wp\/v2\/posts\/12819\/revisions"}],"wp:attachment":[{"href":"https:\/\/www.oparanews.com.br\/index.php\/wp-json\/wp\/v2\/media?parent=12819"}],"wp:term":[{"taxonomy":"category","embeddable":true,"href":"https:\/\/www.oparanews.com.br\/index.php\/wp-json\/wp\/v2\/categories?post=12819"},{"taxonomy":"post_tag","embeddable":true,"href":"https:\/\/www.oparanews.com.br\/index.php\/wp-json\/wp\/v2\/tags?post=12819"}],"curies":[{"name":"wp","href":"https:\/\/api.w.org\/{rel}","templated":true}]}}