{"id":12835,"date":"2021-02-10T13:51:59","date_gmt":"2021-02-10T13:51:59","guid":{"rendered":"https:\/\/oparanews.com.br\/?p=12835"},"modified":"2021-02-10T13:51:59","modified_gmt":"2021-02-10T13:51:59","slug":"prefeito-ronaldo-lopes-assina-decreto-que-reduz-taxas-para-taxistas-e-mototaxistas","status":"publish","type":"post","link":"https:\/\/www.oparanews.com.br\/index.php\/2021\/02\/10\/prefeito-ronaldo-lopes-assina-decreto-que-reduz-taxas-para-taxistas-e-mototaxistas\/","title":{"rendered":"Prefeito Ronaldo Lopes assina decreto que reduz taxas para taxistas e mototaxistas"},"content":{"rendered":"<p>O Prefeito Ronaldo Lopes assinou esta ter\u00e7a-feira (9), o decreto municipal que reduz as taxas tributarias de alvar\u00e1s para taxistas e mototaxistas em Penedo.<\/p>\n<p>De acordo com o decreto assinado pelo Prefeito Ronaldo Lopes, os taxistas, receber\u00e3o um desconto de cerca de 40% no pagamento de seu tributo, que passa a ser de R$ 320,35 (trezentos e vinte reais e trinta e cinco centavos), sendo que sem a interven\u00e7\u00e3o do executivo municipal, o valor a ser pago em 2021 seria de R$519,49 (quinhentos e dezenove reais e quarenta e nove centavos).<\/p>\n<p>J\u00e1 os mototaxistas, obtiveram 49% de desconto. O valor sem o abatimento seria de R$ 188,61 (cento e oitenta e oito reais e sessenta e um centavos). Com a redu\u00e7\u00e3o, ir\u00e3o parar R$ 96,66 (noventa e seis reais e sessenta e seis centavos).<\/p>\n<p>Essa \u00e9 uma medida que os profissionais da \u00e1rea, que atuam em Penedo, ansiavam, principalmente no per\u00edodo da pandemia que afetou de forma significativa os rendimentos dessas categorias.<\/p>\n<p><strong>Prefeito Ronaldo Lopes<\/strong><\/p>\n<p>O Prefeito Ronaldo Lopes comentou a a\u00e7\u00e3o atrav\u00e9s de suas redes sociais, destacando a import\u00e2ncia desse abatimento, no momento de enfrentamento a pandemia de Covid- 19.<\/p>\n<p>\u201cRealizei uma reuni\u00e3o com os taxistas de Penedo. No momento, apresentei um decreto municipal que proporciona descontos nas taxas necess\u00e1rias para a realiza\u00e7\u00e3o das atividades deles, considerando os efeitos financeiros decorrentes da pandemia que afetaram esses profissionais\u201d, afirmou o gestor.<\/p>\n<p>O vereador Alcides de Andrade Neto, o Cidoca, interlocutor do pedido para que a Prefeitura de Penedo reduzisse o valor das taxas cobradas, agradeceu ao Prefeito Ronaldo Lopes pela solu\u00e7\u00e3o adotada, com rela\u00e7\u00e3o \u00e0 demanda de taxistas e mototaxistas.<\/p>\n<p>\u201cExterno meus sinceros agradecimentos ao prefeito Ronaldo Lopes pela presteza no atendimento \u00e0 minha solicita\u00e7\u00e3o efetivada no sentido de reduzir, significativamente, a taxa tribut\u00e1ria para estas categorias. A ideia \u00e9 que esta iniciativa se torne um projeto de lei para fixar o valor de 2022. O di\u00e1logo constr\u00f3i pontes para as solu\u00e7\u00f5es e esse \u00e9 o caminho que devemos seguir. Contem comigo.\u201d, declarou o vereador.<\/p>\n<p>&nbsp;<\/p>\n<p><strong>Fonte: Decom &#8211; PMP<\/strong><\/p>\n<p>&nbsp;<\/p>\n","protected":false},"excerpt":{"rendered":"<p>O Prefeito Ronaldo Lopes assinou esta ter\u00e7a-feira (9), o decreto municipal que reduz as taxas tributarias de alvar\u00e1s para taxistas e mototaxistas em Penedo. De acordo com o decreto assinado pelo Prefeito Ronaldo Lopes, os taxistas, receber\u00e3o um desconto de cerca de 40% no pagamento de seu tributo, que passa a ser de R$ 320,35 &hellip;<\/p>\n","protected":false},"author":1,"featured_media":12836,"comment_status":"closed","ping_status":"closed","sticky":false,"template":"","format":"standard","meta":{"_jetpack_newsletter_access":"","_jetpack_dont_email_post_to_subs":false,"_jetpack_newsletter_tier_id":0,"_jetpack_memberships_contains_paywalled_content":false,"_jetpack_memberships_contains_paid_content":false,"footnotes":""},"categories":[1],"tags":[],"class_list":["post-12835","post","type-post","status-publish","format-standard","has-post-thumbnail","hentry","category-destaque"],"jetpack_sharing_enabled":true,"jetpack_featured_media_url":"","_links":{"self":[{"href":"https:\/\/www.oparanews.com.br\/index.php\/wp-json\/wp\/v2\/posts\/12835","targetHints":{"allow":["GET"]}}],"collection":[{"href":"https:\/\/www.oparanews.com.br\/index.php\/wp-json\/wp\/v2\/posts"}],"about":[{"href":"https:\/\/www.oparanews.com.br\/index.php\/wp-json\/wp\/v2\/types\/post"}],"author":[{"embeddable":true,"href":"https:\/\/www.oparanews.com.br\/index.php\/wp-json\/wp\/v2\/users\/1"}],"replies":[{"embeddable":true,"href":"https:\/\/www.oparanews.com.br\/index.php\/wp-json\/wp\/v2\/comments?post=12835"}],"version-history":[{"count":0,"href":"https:\/\/www.oparanews.com.br\/index.php\/wp-json\/wp\/v2\/posts\/12835\/revisions"}],"wp:attachment":[{"href":"https:\/\/www.oparanews.com.br\/index.php\/wp-json\/wp\/v2\/media?parent=12835"}],"wp:term":[{"taxonomy":"category","embeddable":true,"href":"https:\/\/www.oparanews.com.br\/index.php\/wp-json\/wp\/v2\/categories?post=12835"},{"taxonomy":"post_tag","embeddable":true,"href":"https:\/\/www.oparanews.com.br\/index.php\/wp-json\/wp\/v2\/tags?post=12835"}],"curies":[{"name":"wp","href":"https:\/\/api.w.org\/{rel}","templated":true}]}}