{"id":12841,"date":"2021-02-10T13:57:09","date_gmt":"2021-02-10T13:57:09","guid":{"rendered":"https:\/\/oparanews.com.br\/?p=12841"},"modified":"2021-02-10T13:57:09","modified_gmt":"2021-02-10T13:57:09","slug":"brasil-ja-vacinou-mais-de-4-milhoes-contra-a-covid-19","status":"publish","type":"post","link":"https:\/\/www.oparanews.com.br\/index.php\/2021\/02\/10\/brasil-ja-vacinou-mais-de-4-milhoes-contra-a-covid-19\/","title":{"rendered":"Brasil j\u00e1 vacinou mais de 4 milh\u00f5es contra a covid-19"},"content":{"rendered":"<p>O n\u00famero de pessoas vacinadas contra a covid-19 no Brasil chegou nesta ter\u00e7a-feira, 9, a 4.052.986, de acordo com dados reunidos pelo cons\u00f3rcio de ve\u00edculos de imprensa junto \u00e0s secretarias estaduais de sa\u00fade. Nas \u00faltimas 24 horas, 24 Estados informaram dados atualizados e 269.758 pessoas receberam a primeira dose.<\/p>\n<p>O n\u00famero de imunizados representa 1,91% da popula\u00e7\u00e3o brasileira. Outro dado que o cons\u00f3rcio apresenta \u00e9 o n\u00famero de vacinados com a segunda dose, que chegou a 49.546 pessoas (0,02% da popula\u00e7\u00e3o).<\/p>\n<p>O maior n\u00famero de vacinados pertence a S\u00e3o Paulo, que come\u00e7ou a aplica\u00e7\u00e3o das doses no dia 17 de janeiro. O Estado superou a marca de 1 milh\u00e3o de imunizados nesta ter\u00e7a-feira. &#8220;\u00c9 com muita alegria que ultrapassamos 1 milh\u00e3o de vacinados, fruto do empenho e comprometimento dos profissionais de sa\u00fade de todos os munic\u00edpios do estado&#8221;, comemorou o secret\u00e1rio de Estado da Sa\u00fade, Jean Gorinchteyn.<\/p>\n<p>De acordo com o Governo de S\u00e3o Paulo, os dez munic\u00edpios do estado que mais vacinaram, segundo os registros das prefeituras no sistema VaciVida, s\u00e3o: S\u00e3o Paulo (266.092), Campinas (42.668), S\u00e3o Bernardo do Campo (23.853), S\u00e3o Jos\u00e9 do Rio Preto (21.512), Santos (20.093), Guarulhos (19.042), Santo Andr\u00e9 (18.143), Ribeir\u00e3o Preto (17.669) , Bauru (10.820) e Sorocaba (10.309).<\/p>\n<p>Vacinados no Brasil por Estado, segundo o cons\u00f3rcio de ve\u00edculos de imprensa:<\/p>\n<p>Primeira dose:<\/p>\n<p>AC &#8211; 11.519<\/p>\n<p>AL &#8211; 68.330<\/p>\n<p>AM &#8211; 153.581<\/p>\n<p>AP &#8211; 10.864<\/p>\n<p>BA &#8211; 332.183<\/p>\n<p>CE &#8211; 186.388<\/p>\n<p>DF &#8211; 105.481<\/p>\n<p>ES &#8211; 84.725<\/p>\n<p>GO &#8211; 134.461<\/p>\n<p>MA &#8211; 91.768<\/p>\n<p>MG &#8211; 317.456<\/p>\n<p>MS &#8211; 75.013<\/p>\n<p>MT &#8211; 64.287<\/p>\n<p>PA &#8211; 102.142<\/p>\n<p>PB &#8211; 76.063<\/p>\n<p>PE &#8211; 199.604<\/p>\n<p>PI &#8211; 47.871<\/p>\n<p>PR &#8211; 212.935<\/p>\n<p>RJ &#8211; 270.001<\/p>\n<p>RN &#8211; 67.273<\/p>\n<p>RO &#8211; 29.371<\/p>\n<p>RR &#8211; 17.896<\/p>\n<p>RS &#8211; 239.931<\/p>\n<p>SC &#8211; 89.162<\/p>\n<p>SE &#8211; 29.517<\/p>\n<p>SP &#8211; 1.017.116<\/p>\n<p>TO &#8211; 18.048<\/p>\n<p><strong>Segunda dose:<\/strong><\/p>\n<p>DF &#8211; 2.066<\/p>\n<p>MA &#8211; 1.213<\/p>\n<p>MG &#8211; 33.280<\/p>\n<p>MS &#8211; 5.254<\/p>\n<p>PE &#8211; 7.460<\/p>\n<p>SE &#8211; 273<\/p>\n<p>&nbsp;<\/p>\n<p><strong>Fonte: Terra<\/strong><\/p>\n<p>&nbsp;<\/p>\n","protected":false},"excerpt":{"rendered":"<p>O n\u00famero de pessoas vacinadas contra a covid-19 no Brasil chegou nesta ter\u00e7a-feira, 9, a 4.052.986, de acordo com dados reunidos pelo cons\u00f3rcio de ve\u00edculos de imprensa junto \u00e0s secretarias estaduais de sa\u00fade. Nas \u00faltimas 24 horas, 24 Estados informaram dados atualizados e 269.758 pessoas receberam a primeira dose. O n\u00famero de imunizados representa 1,91% &hellip;<\/p>\n","protected":false},"author":1,"featured_media":12842,"comment_status":"closed","ping_status":"closed","sticky":false,"template":"","format":"standard","meta":{"_jetpack_newsletter_access":"","_jetpack_dont_email_post_to_subs":false,"_jetpack_newsletter_tier_id":0,"_jetpack_memberships_contains_paywalled_content":false,"_jetpack_memberships_contains_paid_content":false,"footnotes":""},"categories":[1],"tags":[],"class_list":["post-12841","post","type-post","status-publish","format-standard","has-post-thumbnail","hentry","category-destaque"],"jetpack_sharing_enabled":true,"jetpack_featured_media_url":"","_links":{"self":[{"href":"https:\/\/www.oparanews.com.br\/index.php\/wp-json\/wp\/v2\/posts\/12841","targetHints":{"allow":["GET"]}}],"collection":[{"href":"https:\/\/www.oparanews.com.br\/index.php\/wp-json\/wp\/v2\/posts"}],"about":[{"href":"https:\/\/www.oparanews.com.br\/index.php\/wp-json\/wp\/v2\/types\/post"}],"author":[{"embeddable":true,"href":"https:\/\/www.oparanews.com.br\/index.php\/wp-json\/wp\/v2\/users\/1"}],"replies":[{"embeddable":true,"href":"https:\/\/www.oparanews.com.br\/index.php\/wp-json\/wp\/v2\/comments?post=12841"}],"version-history":[{"count":0,"href":"https:\/\/www.oparanews.com.br\/index.php\/wp-json\/wp\/v2\/posts\/12841\/revisions"}],"wp:attachment":[{"href":"https:\/\/www.oparanews.com.br\/index.php\/wp-json\/wp\/v2\/media?parent=12841"}],"wp:term":[{"taxonomy":"category","embeddable":true,"href":"https:\/\/www.oparanews.com.br\/index.php\/wp-json\/wp\/v2\/categories?post=12841"},{"taxonomy":"post_tag","embeddable":true,"href":"https:\/\/www.oparanews.com.br\/index.php\/wp-json\/wp\/v2\/tags?post=12841"}],"curies":[{"name":"wp","href":"https:\/\/api.w.org\/{rel}","templated":true}]}}