{"id":12850,"date":"2021-02-10T14:34:28","date_gmt":"2021-02-10T14:34:28","guid":{"rendered":"https:\/\/oparanews.com.br\/?p=12850"},"modified":"2021-02-10T14:34:28","modified_gmt":"2021-02-10T14:34:28","slug":"na-mira-do-fla-rafinha-sinaliza-volta-ao-coritiba-em-2022","status":"publish","type":"post","link":"https:\/\/www.oparanews.com.br\/index.php\/2021\/02\/10\/na-mira-do-fla-rafinha-sinaliza-volta-ao-coritiba-em-2022\/","title":{"rendered":"Na mira do Fla, Rafinha sinaliza volta ao Coritiba em 2022"},"content":{"rendered":"<p>Logo ap\u00f3s o lateral-direito Rafinha rescindir o contrato com o Olympiacos, da Gr\u00e9cia, o Coritiba entrou em contato com o jogador. A iniciativa foi tomada pelo G6 presidido por Renato Follador. A conversa com o atleta foi conduzida por Vilson Ribeiro de Andrade, que chegou a se reunir com o atleta, na Alemanha, na \u00e9poca em que foi presidente.<\/p>\n<p>Com 35 anos, Rafinha manifestou a vontade de jogar no Coritiba em 2022, independentemente da divis\u00e3o em que o clube estiver. Para essa temporada, o lateral j\u00e1 tem na mesa uma proposta do Flamengo, com contrato at\u00e9 dezembro. Na Argentina, o Boca Juniors est\u00e1 avaliando a contrata\u00e7\u00e3o do jogador. Mas pela identifica\u00e7\u00e3o que tem com o Flamengo, a tend\u00eancia \u00e9 de que acerte com o time carioca.<\/p>\n<p>Natural de Londrina, o lateral surgiu para o futebol nacional no Coritiba, em 2003. Depois, teve passagens pelo Schalke 04, Genoa, brilhou no Bayern de Munique e, no ano passado, conquistou o Brasileiro e a Libertadores pelo Flamengo.<\/p>\n<p>&nbsp;<\/p>\n<p><strong>Fonte: GE<\/strong><\/p>\n<p>&nbsp;<\/p>\n","protected":false},"excerpt":{"rendered":"<p>Logo ap\u00f3s o lateral-direito Rafinha rescindir o contrato com o Olympiacos, da Gr\u00e9cia, o Coritiba entrou em contato com o jogador. A iniciativa foi tomada pelo G6 presidido por Renato Follador. A conversa com o atleta foi conduzida por Vilson Ribeiro de Andrade, que chegou a se reunir com o atleta, na Alemanha, na \u00e9poca &hellip;<\/p>\n","protected":false},"author":1,"featured_media":12851,"comment_status":"closed","ping_status":"closed","sticky":false,"template":"","format":"standard","meta":{"_jetpack_newsletter_access":"","_jetpack_dont_email_post_to_subs":false,"_jetpack_newsletter_tier_id":0,"_jetpack_memberships_contains_paywalled_content":false,"_jetpack_memberships_contains_paid_content":false,"footnotes":""},"categories":[1],"tags":[],"class_list":["post-12850","post","type-post","status-publish","format-standard","has-post-thumbnail","hentry","category-destaque"],"jetpack_sharing_enabled":true,"jetpack_featured_media_url":"","_links":{"self":[{"href":"https:\/\/www.oparanews.com.br\/index.php\/wp-json\/wp\/v2\/posts\/12850","targetHints":{"allow":["GET"]}}],"collection":[{"href":"https:\/\/www.oparanews.com.br\/index.php\/wp-json\/wp\/v2\/posts"}],"about":[{"href":"https:\/\/www.oparanews.com.br\/index.php\/wp-json\/wp\/v2\/types\/post"}],"author":[{"embeddable":true,"href":"https:\/\/www.oparanews.com.br\/index.php\/wp-json\/wp\/v2\/users\/1"}],"replies":[{"embeddable":true,"href":"https:\/\/www.oparanews.com.br\/index.php\/wp-json\/wp\/v2\/comments?post=12850"}],"version-history":[{"count":0,"href":"https:\/\/www.oparanews.com.br\/index.php\/wp-json\/wp\/v2\/posts\/12850\/revisions"}],"wp:attachment":[{"href":"https:\/\/www.oparanews.com.br\/index.php\/wp-json\/wp\/v2\/media?parent=12850"}],"wp:term":[{"taxonomy":"category","embeddable":true,"href":"https:\/\/www.oparanews.com.br\/index.php\/wp-json\/wp\/v2\/categories?post=12850"},{"taxonomy":"post_tag","embeddable":true,"href":"https:\/\/www.oparanews.com.br\/index.php\/wp-json\/wp\/v2\/tags?post=12850"}],"curies":[{"name":"wp","href":"https:\/\/api.w.org\/{rel}","templated":true}]}}