{"id":12853,"date":"2021-02-10T14:41:25","date_gmt":"2021-02-10T14:41:25","guid":{"rendered":"https:\/\/oparanews.com.br\/?p=12853"},"modified":"2021-02-10T14:41:25","modified_gmt":"2021-02-10T14:41:25","slug":"crb-apresenta-elenco-e-comeca-trabalho-para-temporada-2021","status":"publish","type":"post","link":"https:\/\/www.oparanews.com.br\/index.php\/2021\/02\/10\/crb-apresenta-elenco-e-comeca-trabalho-para-temporada-2021\/","title":{"rendered":"CRB apresenta elenco e come\u00e7a trabalho para temporada 2021"},"content":{"rendered":"<p>O CRB deu o pontap\u00e9 inicial para a temporada 2021. Na tarde desta ter\u00e7a-feira, 26 jogadores se apresentaram no Ninho do Galo e j\u00e1 come\u00e7aram o trabalho de olho nas competi\u00e7\u00f5es que o clube vai disputar durante o ano.<\/p>\n<p>Jogadores conhecidos do torcedor, como o goleiro Edson Mardden, os zagueiros Gum e Ewerton P\u00e1scoa, os laterais Reginaldo Lopes e Hugo, os volantes Claudinei, Ol\u00edvio e Adsson, os meias Diego Torres e R\u00e9gis, al\u00e9m dos atacantes Darlisson, Luc\u00e3o, Luidy, Daniel Amorim e Hyuri continuam no clube.<\/p>\n<p>As novidades na apresenta\u00e7\u00e3o desta ter\u00e7a foram os zagueiros Diego Ivo (ex-Brasil de Pelotas) e Matheus Stockl (ex-Atl\u00e9tico-MG) e o volante J\u00edmenez (ex-Oper\u00e1rio-PR).<\/p>\n<p>Sete garotos da base foram promovidos para o elenco profissional. S\u00e3o eles: o lateral-direito Wellington, o lateral-esquerdo Gabriel Bulh\u00f5es, os zagueiros Darlisson e Jarlisson Gabriel, o volante Dion, o meia Ericles Rauan e o atacante Davi Lessa.<\/p>\n<p><strong>Competi\u00e7\u00f5es em 2021<\/strong><\/p>\n<p>O primeiro compromisso do CRB neste ano ser\u00e1 o Campeonato Alagoano. A estreia, contra o Coruripe, fora de casa, est\u00e1 marcada para o dia 20. O hor\u00e1rio e local da partida ainda ser\u00e3o definidos pela Federa\u00e7\u00e3o Alagoana de Futebol.<\/p>\n<p>Na sequ\u00eancia, a equipe do t\u00e9cnico Roberto Fernandes disputa a Copa do Nordeste. O Nordest\u00e3o est\u00e1 previsto para come\u00e7ar no dia 27 deste m\u00eas, e o CRB integra o Grupo A, ao lado de Bahia, Santa Cruz, Cear\u00e1, Sampaio Corr\u00eaa, 4 de Julho, Treze e Confian\u00e7a.<\/p>\n<p>Al\u00e9m do Campeonato Alagoano e da Copa do Nordeste, o CRB disputa ainda em 2021 a Copa do Brasil e a S\u00e9rie B do Campeonato Brasileiro.<\/p>\n<p><strong>Confira o elenco do CRB<\/strong><\/p>\n<p>Goleiros: Edson Mardden e Pedro Henrique;<br \/>\nLaterais-direito: Reginaldo Lopes (renova\u00e7\u00e3o) e Wellington (promovido);<br \/>\nLaterais-esquerdo: Hugo e Gabriel Bulh\u00f5es (promovido);<br \/>\nZagueiros: Diego Ivo (contratado), Matheus Stockl (contratado), Gum (renova\u00e7\u00e3o), Ewerton P\u00e1scoa (renova\u00e7\u00e3o), Darlisson (promovido) e Jarlisson Gabriel (promovido);<br \/>\nVolantes: Jorge Jim\u00e9nes (contratado), Claudinei (renova\u00e7\u00e3o), Ol\u00edvio, Adsson e Dion (promovido);<br \/>\nMeias: Diego Torres (renova\u00e7\u00e3o), R\u00e9gis e Ericles Rauan (promovido);<br \/>\nAtacantes: Luc\u00e3o do Break, Hyuri, Luidy, Erik Nascimento, Darlisson e Davi Lessa (promovido).<\/p>\n<p>&nbsp;<\/p>\n<p><strong>Fonte: GE<\/strong><\/p>\n<p>&nbsp;<\/p>\n","protected":false},"excerpt":{"rendered":"<p>O CRB deu o pontap\u00e9 inicial para a temporada 2021. Na tarde desta ter\u00e7a-feira, 26 jogadores se apresentaram no Ninho do Galo e j\u00e1 come\u00e7aram o trabalho de olho nas competi\u00e7\u00f5es que o clube vai disputar durante o ano. Jogadores conhecidos do torcedor, como o goleiro Edson Mardden, os zagueiros Gum e Ewerton P\u00e1scoa, os &hellip;<\/p>\n","protected":false},"author":1,"featured_media":12854,"comment_status":"closed","ping_status":"closed","sticky":false,"template":"","format":"standard","meta":{"_jetpack_newsletter_access":"","_jetpack_dont_email_post_to_subs":false,"_jetpack_newsletter_tier_id":0,"_jetpack_memberships_contains_paywalled_content":false,"_jetpack_memberships_contains_paid_content":false,"footnotes":""},"categories":[1],"tags":[],"class_list":["post-12853","post","type-post","status-publish","format-standard","has-post-thumbnail","hentry","category-destaque"],"jetpack_sharing_enabled":true,"jetpack_featured_media_url":"","_links":{"self":[{"href":"https:\/\/www.oparanews.com.br\/index.php\/wp-json\/wp\/v2\/posts\/12853","targetHints":{"allow":["GET"]}}],"collection":[{"href":"https:\/\/www.oparanews.com.br\/index.php\/wp-json\/wp\/v2\/posts"}],"about":[{"href":"https:\/\/www.oparanews.com.br\/index.php\/wp-json\/wp\/v2\/types\/post"}],"author":[{"embeddable":true,"href":"https:\/\/www.oparanews.com.br\/index.php\/wp-json\/wp\/v2\/users\/1"}],"replies":[{"embeddable":true,"href":"https:\/\/www.oparanews.com.br\/index.php\/wp-json\/wp\/v2\/comments?post=12853"}],"version-history":[{"count":0,"href":"https:\/\/www.oparanews.com.br\/index.php\/wp-json\/wp\/v2\/posts\/12853\/revisions"}],"wp:attachment":[{"href":"https:\/\/www.oparanews.com.br\/index.php\/wp-json\/wp\/v2\/media?parent=12853"}],"wp:term":[{"taxonomy":"category","embeddable":true,"href":"https:\/\/www.oparanews.com.br\/index.php\/wp-json\/wp\/v2\/categories?post=12853"},{"taxonomy":"post_tag","embeddable":true,"href":"https:\/\/www.oparanews.com.br\/index.php\/wp-json\/wp\/v2\/tags?post=12853"}],"curies":[{"name":"wp","href":"https:\/\/api.w.org\/{rel}","templated":true}]}}