{"id":12856,"date":"2021-02-10T14:43:25","date_gmt":"2021-02-10T14:43:25","guid":{"rendered":"https:\/\/oparanews.com.br\/?p=12856"},"modified":"2021-02-10T14:43:25","modified_gmt":"2021-02-10T14:43:25","slug":"victor-paraiba-deixa-o-csa-e-acerta-com-o-atletico-go","status":"publish","type":"post","link":"https:\/\/www.oparanews.com.br\/index.php\/2021\/02\/10\/victor-paraiba-deixa-o-csa-e-acerta-com-o-atletico-go\/","title":{"rendered":"Victor Para\u00edba deixa o CSA e acerta com o Atl\u00e9tico-GO"},"content":{"rendered":"<p>O meia Victor Para\u00edba n\u00e3o permanece no CSA para a temporada 2021. Ele deixou o clube alagoano e vai defender o Atl\u00e9tico-GO. A rescis\u00e3o com o Azul\u00e3o e o acerto com o time goiano j\u00e1 foram publicados no Boletim Informativo Di\u00e1rio (BID) da CBF.<\/p>\n<p>N\u00e3o ser\u00e1 primeira vez que Victor Para\u00edba vai vestir a camisa do Atl\u00e9tico-GO. Em 2019, ele foi emprestado pelo CSA ao clube goiano. Atuou em cinco partidas pelo Drag\u00e3o.<\/p>\n<p>No Atl\u00e9tico-GO, o meia vai ser comandado pelo t\u00e9cnico Marcelo Cabo, com quem trabalhou no CSA em 2018\/2019.<\/p>\n<p>Victor Para\u00edba, de 22 anos, chegou ao CSA em 2017. Atuou na base e logo subiu para o time principal. Ao todo, fez 48 partidas pelo Azul\u00e3o e cinco gols.<\/p>\n<p>Na temporada 2020, Victor n\u00e3o foi muito aproveitado. Esteve em campo em 15 partidas. Das 38 rodadas da S\u00e9rie B, ele atuou em nove.<\/p>\n<p>&nbsp;<\/p>\n<p><strong>Fonte: GE<\/strong><\/p>\n<p>&nbsp;<\/p>\n","protected":false},"excerpt":{"rendered":"<p>O meia Victor Para\u00edba n\u00e3o permanece no CSA para a temporada 2021. Ele deixou o clube alagoano e vai defender o Atl\u00e9tico-GO. A rescis\u00e3o com o Azul\u00e3o e o acerto com o time goiano j\u00e1 foram publicados no Boletim Informativo Di\u00e1rio (BID) da CBF. N\u00e3o ser\u00e1 primeira vez que Victor Para\u00edba vai vestir a camisa &hellip;<\/p>\n","protected":false},"author":1,"featured_media":12857,"comment_status":"closed","ping_status":"closed","sticky":false,"template":"","format":"standard","meta":{"_jetpack_newsletter_access":"","_jetpack_dont_email_post_to_subs":false,"_jetpack_newsletter_tier_id":0,"_jetpack_memberships_contains_paywalled_content":false,"_jetpack_memberships_contains_paid_content":false,"footnotes":""},"categories":[1],"tags":[],"class_list":["post-12856","post","type-post","status-publish","format-standard","has-post-thumbnail","hentry","category-destaque"],"jetpack_sharing_enabled":true,"jetpack_featured_media_url":"","_links":{"self":[{"href":"https:\/\/www.oparanews.com.br\/index.php\/wp-json\/wp\/v2\/posts\/12856","targetHints":{"allow":["GET"]}}],"collection":[{"href":"https:\/\/www.oparanews.com.br\/index.php\/wp-json\/wp\/v2\/posts"}],"about":[{"href":"https:\/\/www.oparanews.com.br\/index.php\/wp-json\/wp\/v2\/types\/post"}],"author":[{"embeddable":true,"href":"https:\/\/www.oparanews.com.br\/index.php\/wp-json\/wp\/v2\/users\/1"}],"replies":[{"embeddable":true,"href":"https:\/\/www.oparanews.com.br\/index.php\/wp-json\/wp\/v2\/comments?post=12856"}],"version-history":[{"count":0,"href":"https:\/\/www.oparanews.com.br\/index.php\/wp-json\/wp\/v2\/posts\/12856\/revisions"}],"wp:attachment":[{"href":"https:\/\/www.oparanews.com.br\/index.php\/wp-json\/wp\/v2\/media?parent=12856"}],"wp:term":[{"taxonomy":"category","embeddable":true,"href":"https:\/\/www.oparanews.com.br\/index.php\/wp-json\/wp\/v2\/categories?post=12856"},{"taxonomy":"post_tag","embeddable":true,"href":"https:\/\/www.oparanews.com.br\/index.php\/wp-json\/wp\/v2\/tags?post=12856"}],"curies":[{"name":"wp","href":"https:\/\/api.w.org\/{rel}","templated":true}]}}