{"id":12859,"date":"2021-02-10T21:02:30","date_gmt":"2021-02-10T21:02:30","guid":{"rendered":"https:\/\/oparanews.com.br\/?p=12859"},"modified":"2021-02-10T21:02:30","modified_gmt":"2021-02-10T21:02:30","slug":"programa-cria-atendera-cinco-mil-familias-em-penedo","status":"publish","type":"post","link":"https:\/\/www.oparanews.com.br\/index.php\/2021\/02\/10\/programa-cria-atendera-cinco-mil-familias-em-penedo\/","title":{"rendered":"Programa CRIA atender\u00e1 cinco mil fam\u00edlias em Penedo"},"content":{"rendered":"<p>Andrea Santos da Silva, 35 anos, est\u00e1 desempregada e seu marido tamb\u00e9m n\u00e3o tem trabalho fixo, conseguindo dinheiro para manter a casa quando \u201caparece algum servi\u00e7o\u201d. O casal que ganhou a sua primeira filha \u2013 Maria Vit\u00f3ria, de apenas 4 meses de vida \u2013 se enquadra nos crit\u00e9rios de inclus\u00e3o do programa lan\u00e7ado hoje em Penedo.<\/p>\n<p>A fam\u00edlia em situa\u00e7\u00e3o de vulnerabilidade social \u00e9 uma das 61 atendidas no \u00e2mbito do Crian\u00e7a Alagoana (CRIA) somente no munic\u00edpio polo do Baixo S\u00e3o Francisco, transfer\u00eancia de renda cuja primeira parcela ser\u00e1 paga no pr\u00f3ximo dia 15.<\/p>\n<p>A entrega dos cart\u00f5es que repassam cem reais para cada fam\u00edlia beneficiada come\u00e7ou nesta quarta-feira, 10, durante solenidade realizada no gin\u00e1sio da Escola Estadual Comendador da Silva Peixoto, um dos investimentos do Governador Renan Filho na cidade hist\u00f3rica, conforme destacou o Prefeito Ronaldo Lopes na ocasi\u00e3o.<\/p>\n<p>O gestor penedense parabenizou a mais recente a\u00e7\u00e3o de amplo alcance social do governador alagoano, trabalho que at\u00e9 setembro inclu\u00edra cinco mil fam\u00edlias no CRIA, segundo informou S\u00edlvio Bulh\u00f5es, Secret\u00e1rio Estadual de Assist\u00eancia e Desenvolvimento Social em seu discurso.<\/p>\n<p>Com a inclus\u00e3o total no Crian\u00e7a Alagona, meio milh\u00e3o de reais ir\u00e3o circular, a mais e a cada m\u00eas, no com\u00e9rcio penedense. Com o Cart\u00e3o CRIA, cada m\u00e3e poder\u00e1 adquirir alimentos e itens de higiene pessoal do filho, objetivo do programa que tamb\u00e9m prev\u00ea investimentos em novas creches, casas maternais e pra\u00e7as.<\/p>\n<p>Andrea Santos j\u00e1 sabe o que fazer com o recurso. \u201cVou poder comprar mais fraldas para Vit\u00f3ria, um pacote hoje custa doze reais e se acaba em tr\u00eas, quatro dias\u201d, explicou a benefici\u00e1ria.<\/p>\n<p>J\u00e1 Andreza Silva Santos, 26 anos, vai usar para comprar mais alimentos para a pequena Helena. A ca\u00e7ula das quatro crian\u00e7as de Andreza ainda mama, mas j\u00e1 recebe frutas que ela compra na Feira da Agricultura Familiar que acontece na Cohab, onde reside.<\/p>\n<p>\u201cO programa veio numa hora muito especial pra gente que \u00e9 m\u00e3e e n\u00e3o tem como trabalhar e deixar as crian\u00e7as sem ningu\u00e9m\u201d, acrescentou a primeira chefe de fam\u00edlia a receber o Cart\u00e3o CRIA em Penedo.<\/p>\n<p>\u201cTem gente que acha que cem reais \u00e9 pouco, agora pergunte pra quem acorda sem ter o que comer, sem ter um p\u00e3o, um leite?\u201d, questionou o Vice-Prefeito Jo\u00e3o Lucas em seu pronunciamento durante a solenidade realizada com a presen\u00e7a de representantes do governo estadual, secret\u00e1rios municipais, servidores p\u00fablicos, vereadores, fam\u00edlias beneficiadas, imprensa e populares.<\/p>\n<p>O lan\u00e7amento do CRIA em Penedo tamb\u00e9m teria a presen\u00e7a do Governador Renan Filho, mas sua esposa Renata Calheiros est\u00e1 com suspeita de Covid-19, motivo da aus\u00eancia do gestor que enviou mensagem exibida no tel\u00e3o, destacando o maior programa de transfer\u00eancia de renda j\u00e1 efetivado pelo governo estadual.<\/p>\n<p>Para ter acesso ao Crian\u00e7a Alagoana, \u00e9 preciso estar cadastrado no Cad\u00danico e fazer a inscri\u00e7\u00e3o no CRAS do munic\u00edpio. Em Penedo, a assist\u00eancia est\u00e1 dispon\u00edvel no bairro Santo Ant\u00f4nio (Barro Vermelho) e no Senhor do Bonfim (Oiteiro).<\/p>\n<p>&nbsp;<\/p>\n<p><strong>por Fernando Vin\u00edcius \u2013 Decom PMP<\/strong><\/p>\n<p>&nbsp;<\/p>\n","protected":false},"excerpt":{"rendered":"<p>Andrea Santos da Silva, 35 anos, est\u00e1 desempregada e seu marido tamb\u00e9m n\u00e3o tem trabalho fixo, conseguindo dinheiro para manter a casa quando \u201caparece algum servi\u00e7o\u201d. O casal que ganhou a sua primeira filha \u2013 Maria Vit\u00f3ria, de apenas 4 meses de vida \u2013 se enquadra nos crit\u00e9rios de inclus\u00e3o do programa lan\u00e7ado hoje em &hellip;<\/p>\n","protected":false},"author":1,"featured_media":12860,"comment_status":"closed","ping_status":"closed","sticky":false,"template":"","format":"standard","meta":{"_jetpack_newsletter_access":"","_jetpack_dont_email_post_to_subs":false,"_jetpack_newsletter_tier_id":0,"_jetpack_memberships_contains_paywalled_content":false,"_jetpack_memberships_contains_paid_content":false,"footnotes":""},"categories":[1],"tags":[],"class_list":["post-12859","post","type-post","status-publish","format-standard","has-post-thumbnail","hentry","category-destaque"],"jetpack_sharing_enabled":true,"jetpack_featured_media_url":"","_links":{"self":[{"href":"https:\/\/www.oparanews.com.br\/index.php\/wp-json\/wp\/v2\/posts\/12859","targetHints":{"allow":["GET"]}}],"collection":[{"href":"https:\/\/www.oparanews.com.br\/index.php\/wp-json\/wp\/v2\/posts"}],"about":[{"href":"https:\/\/www.oparanews.com.br\/index.php\/wp-json\/wp\/v2\/types\/post"}],"author":[{"embeddable":true,"href":"https:\/\/www.oparanews.com.br\/index.php\/wp-json\/wp\/v2\/users\/1"}],"replies":[{"embeddable":true,"href":"https:\/\/www.oparanews.com.br\/index.php\/wp-json\/wp\/v2\/comments?post=12859"}],"version-history":[{"count":0,"href":"https:\/\/www.oparanews.com.br\/index.php\/wp-json\/wp\/v2\/posts\/12859\/revisions"}],"wp:attachment":[{"href":"https:\/\/www.oparanews.com.br\/index.php\/wp-json\/wp\/v2\/media?parent=12859"}],"wp:term":[{"taxonomy":"category","embeddable":true,"href":"https:\/\/www.oparanews.com.br\/index.php\/wp-json\/wp\/v2\/categories?post=12859"},{"taxonomy":"post_tag","embeddable":true,"href":"https:\/\/www.oparanews.com.br\/index.php\/wp-json\/wp\/v2\/tags?post=12859"}],"curies":[{"name":"wp","href":"https:\/\/api.w.org\/{rel}","templated":true}]}}