{"id":12862,"date":"2021-02-11T18:38:12","date_gmt":"2021-02-11T18:38:12","guid":{"rendered":"https:\/\/oparanews.com.br\/?p=12862"},"modified":"2021-02-11T18:38:12","modified_gmt":"2021-02-11T18:38:12","slug":"mulher-condenada-a-15-anos-pela-morte-do-marido-e-presa-em-maceio","status":"publish","type":"post","link":"https:\/\/www.oparanews.com.br\/index.php\/2021\/02\/11\/mulher-condenada-a-15-anos-pela-morte-do-marido-e-presa-em-maceio\/","title":{"rendered":"Mulher condenada a 15 anos pela morte do marido \u00e9 presa em Macei\u00f3"},"content":{"rendered":"<p>Uma mulher condenada a 15 anos e oito meses de pris\u00e3o por ter encomendado a morte do ex-marido foi presa na quarta-feira (10) no bairro do Clima Bom, em Macei\u00f3. O mandado de senten\u00e7a condenat\u00f3ria foi expedido pela 7\u00aa Vara Criminal da Capital.<\/p>\n<p>Segundo a Delegacia de Homic\u00eddios e Prote\u00e7\u00e3o \u00e0 Pessoa (DHPP), a mulher n\u00e3o aceitou o fim do relacionamento e planejou o crime, que aconteceu em julho de 2008, no bairro do Farol.<\/p>\n<p>A v\u00edtima, Marcelo das Gra\u00e7as Ribeiro Rodrigues, foi atingida por disparos de arma de fogo.<\/p>\n<p>Ainda segundo a pol\u00edcia, Marcelo sofreu v\u00e1rias amea\u00e7as antes de morrer. Sua ex-mulher havia telefonado horas antes do crime, dizendo que se ele n\u00e3o ficasse com ela n\u00e3o ficaria com mais ningu\u00e9m.<\/p>\n<p>Ap\u00f3s a pris\u00e3o, a mulher foi encaminhada para o sistema prisional, onde permanece \u00e0 disposi\u00e7\u00e3o da Justi\u00e7a.<\/p>\n<p>&#8220;Ela estava em casa e n\u00e3o ofereceu resist\u00eancia. Ela provavelmente tinha conhecimento da senten\u00e7a e acreditamos que ela j\u00e1 esperava a presen\u00e7a da pol\u00edcia&#8221;, disse o delegado F\u00e1bio Costa.<\/p>\n<p>&nbsp;<\/p>\n<p><strong>Fonte: G1\/AL<\/strong><\/p>\n<p>&nbsp;<\/p>\n","protected":false},"excerpt":{"rendered":"<p>Uma mulher condenada a 15 anos e oito meses de pris\u00e3o por ter encomendado a morte do ex-marido foi presa na quarta-feira (10) no bairro do Clima Bom, em Macei\u00f3. O mandado de senten\u00e7a condenat\u00f3ria foi expedido pela 7\u00aa Vara Criminal da Capital. Segundo a Delegacia de Homic\u00eddios e Prote\u00e7\u00e3o \u00e0 Pessoa (DHPP), a mulher &hellip;<\/p>\n","protected":false},"author":1,"featured_media":12863,"comment_status":"closed","ping_status":"closed","sticky":false,"template":"","format":"standard","meta":{"_jetpack_newsletter_access":"","_jetpack_dont_email_post_to_subs":false,"_jetpack_newsletter_tier_id":0,"_jetpack_memberships_contains_paywalled_content":false,"_jetpack_memberships_contains_paid_content":false,"footnotes":""},"categories":[1],"tags":[],"class_list":["post-12862","post","type-post","status-publish","format-standard","has-post-thumbnail","hentry","category-destaque"],"jetpack_sharing_enabled":true,"jetpack_featured_media_url":"","_links":{"self":[{"href":"https:\/\/www.oparanews.com.br\/index.php\/wp-json\/wp\/v2\/posts\/12862","targetHints":{"allow":["GET"]}}],"collection":[{"href":"https:\/\/www.oparanews.com.br\/index.php\/wp-json\/wp\/v2\/posts"}],"about":[{"href":"https:\/\/www.oparanews.com.br\/index.php\/wp-json\/wp\/v2\/types\/post"}],"author":[{"embeddable":true,"href":"https:\/\/www.oparanews.com.br\/index.php\/wp-json\/wp\/v2\/users\/1"}],"replies":[{"embeddable":true,"href":"https:\/\/www.oparanews.com.br\/index.php\/wp-json\/wp\/v2\/comments?post=12862"}],"version-history":[{"count":0,"href":"https:\/\/www.oparanews.com.br\/index.php\/wp-json\/wp\/v2\/posts\/12862\/revisions"}],"wp:attachment":[{"href":"https:\/\/www.oparanews.com.br\/index.php\/wp-json\/wp\/v2\/media?parent=12862"}],"wp:term":[{"taxonomy":"category","embeddable":true,"href":"https:\/\/www.oparanews.com.br\/index.php\/wp-json\/wp\/v2\/categories?post=12862"},{"taxonomy":"post_tag","embeddable":true,"href":"https:\/\/www.oparanews.com.br\/index.php\/wp-json\/wp\/v2\/tags?post=12862"}],"curies":[{"name":"wp","href":"https:\/\/api.w.org\/{rel}","templated":true}]}}