{"id":12865,"date":"2021-02-11T18:39:29","date_gmt":"2021-02-11T18:39:29","guid":{"rendered":"https:\/\/oparanews.com.br\/?p=12865"},"modified":"2021-02-11T18:39:29","modified_gmt":"2021-02-11T18:39:29","slug":"pessoal-da-saude-recebe-segunda-dose-da-vacina-contra-covid-19-em-penedo","status":"publish","type":"post","link":"https:\/\/www.oparanews.com.br\/index.php\/2021\/02\/11\/pessoal-da-saude-recebe-segunda-dose-da-vacina-contra-covid-19-em-penedo\/","title":{"rendered":"Pessoal da sa\u00fade recebe segunda dose da vacina contra Covid-19 em Penedo"},"content":{"rendered":"<p>Trabalhadores da \u00e1rea de sa\u00fade que receberam a primeira dose da vacina Coronavac em Penedo t\u00eam a segunda aplica\u00e7\u00e3o do imunizante contra a Covid-19 a partir desta quinta-feira, 11.<\/p>\n<p>Essa etapa do enfrentamento ao coronav\u00edrus atender\u00e1, at\u00e9 o pr\u00f3ximo dia 18, os primeiros 757 profissionais que atuam na linha de frente do combate \u00e0 pandemia ou trabalham em locais com maior risco de cont\u00e1gio, as unidades de sa\u00fade.<\/p>\n<p>Grupos priorit\u00e1rios para vacina\u00e7\u00e3o contra Covid-19<\/p>\n<p>A segunda dose come\u00e7a a ser aplicada nas equipes da Unidade de Pronto Atendimento (UPA), Unidade de Refer\u00eancia em S\u00edndromes Gripais, Central de Vacina\u00e7\u00e3o, maternidade e hospital regional da Santa Casa de Penedo. Confira no cronograma abaixo:<\/p>\n<p>A campanha de vacina\u00e7\u00e3o iniciado em 21 de janeiro na cidade polo do Baixo S\u00e3o Francisco tamb\u00e9m avan\u00e7a para nova faixa et\u00e1ria de idoso, pessoal da Aten\u00e7\u00e3o Prim\u00e1ria e setores especializados da Secretaria Municipal de Sa\u00fade (SEMS).<\/p>\n<p>Pessoas idosas com 83 e 84 anos j\u00e1 podem se dirigir at\u00e9 a Central de Vacina\u00e7\u00e3o que funciona na Escola Estadual Ernani M\u00e9ro, portando documentos pessoais. A assist\u00eancia proporcionada pela SEMS funciona de segunda \u00e0 sexta-feira, das 7h \u00e0s 19 horas.<\/p>\n<p>A partir da pr\u00f3xima semana, a SEMS levar\u00e1 o servi\u00e7o para idosos acamados ou domiciliados, pessoas impossibilitadas de se locomover e que ser\u00e3o vacinadas no respectivo domic\u00edlio, assist\u00eancia estendida \u00e0 zona rural<\/p>\n<p>O trabalho que depende da disponibilidade de doses das vacinas Coronavac e AstraZeneca para atender os p\u00fablicos priorit\u00e1rios, previstos pelo Minist\u00e9rio da Sa\u00fade, tamb\u00e9m est\u00e1 sendo estendido para o pessoal dos postos de sa\u00fade e dos servi\u00e7os especializados, como por exemplo CAPS e CEO (Centro Especializado em Odontologia).<\/p>\n<p>&nbsp;<\/p>\n<p><strong>por Fernando Vin\u00edcius \u2013 Decom PMP<\/strong><\/p>\n<p>&nbsp;<\/p>\n","protected":false},"excerpt":{"rendered":"<p>Trabalhadores da \u00e1rea de sa\u00fade que receberam a primeira dose da vacina Coronavac em Penedo t\u00eam a segunda aplica\u00e7\u00e3o do imunizante contra a Covid-19 a partir desta quinta-feira, 11. Essa etapa do enfrentamento ao coronav\u00edrus atender\u00e1, at\u00e9 o pr\u00f3ximo dia 18, os primeiros 757 profissionais que atuam na linha de frente do combate \u00e0 pandemia &hellip;<\/p>\n","protected":false},"author":1,"featured_media":12866,"comment_status":"closed","ping_status":"closed","sticky":false,"template":"","format":"standard","meta":{"_jetpack_newsletter_access":"","_jetpack_dont_email_post_to_subs":false,"_jetpack_newsletter_tier_id":0,"_jetpack_memberships_contains_paywalled_content":false,"_jetpack_memberships_contains_paid_content":false,"footnotes":""},"categories":[1],"tags":[],"class_list":["post-12865","post","type-post","status-publish","format-standard","has-post-thumbnail","hentry","category-destaque"],"jetpack_sharing_enabled":true,"jetpack_featured_media_url":"","_links":{"self":[{"href":"https:\/\/www.oparanews.com.br\/index.php\/wp-json\/wp\/v2\/posts\/12865","targetHints":{"allow":["GET"]}}],"collection":[{"href":"https:\/\/www.oparanews.com.br\/index.php\/wp-json\/wp\/v2\/posts"}],"about":[{"href":"https:\/\/www.oparanews.com.br\/index.php\/wp-json\/wp\/v2\/types\/post"}],"author":[{"embeddable":true,"href":"https:\/\/www.oparanews.com.br\/index.php\/wp-json\/wp\/v2\/users\/1"}],"replies":[{"embeddable":true,"href":"https:\/\/www.oparanews.com.br\/index.php\/wp-json\/wp\/v2\/comments?post=12865"}],"version-history":[{"count":0,"href":"https:\/\/www.oparanews.com.br\/index.php\/wp-json\/wp\/v2\/posts\/12865\/revisions"}],"wp:attachment":[{"href":"https:\/\/www.oparanews.com.br\/index.php\/wp-json\/wp\/v2\/media?parent=12865"}],"wp:term":[{"taxonomy":"category","embeddable":true,"href":"https:\/\/www.oparanews.com.br\/index.php\/wp-json\/wp\/v2\/categories?post=12865"},{"taxonomy":"post_tag","embeddable":true,"href":"https:\/\/www.oparanews.com.br\/index.php\/wp-json\/wp\/v2\/tags?post=12865"}],"curies":[{"name":"wp","href":"https:\/\/api.w.org\/{rel}","templated":true}]}}