{"id":12868,"date":"2021-02-11T18:41:39","date_gmt":"2021-02-11T18:41:39","guid":{"rendered":"https:\/\/oparanews.com.br\/?p=12868"},"modified":"2021-02-11T18:41:39","modified_gmt":"2021-02-11T18:41:39","slug":"secretaria-de-educacao-de-penedo-abre-matricula-para-a-eja-2021","status":"publish","type":"post","link":"https:\/\/www.oparanews.com.br\/index.php\/2021\/02\/11\/secretaria-de-educacao-de-penedo-abre-matricula-para-a-eja-2021\/","title":{"rendered":"Secretaria de Educa\u00e7\u00e3o de Penedo abre matr\u00edcula para a EJA 2021"},"content":{"rendered":"<p>A Secretaria Municipal de Educa\u00e7\u00e3o (SEMED) abre as matriculas para a modalidade EJA-Educa\u00e7\u00e3o de Jovens e Adultos, a partir do pr\u00f3ximo dia 15 de fevereiro. As aulas ocorrem de forma remota devido a pandemia de Covid-19.<\/p>\n<p>As matr\u00edculas ficar\u00e3o abertas at\u00e9 o dia 05 de mar\u00e7o e podem ser feitas nas unidades de ensino da SEMED Penedo da zona urbana e rural e poder\u00e3o ser efetivadas no hor\u00e1rio de 08h \u00e0s 11h e das 13h30 \u00e0s 16h.<\/p>\n<p>Para realizar a matricula, o aluno precisa levar a declara\u00e7\u00e3o de transfer\u00eancia ou hist\u00f3rico escolar e foto 3\u00d74.<\/p>\n<p>Tamb\u00e9m \u00e9 preciso levar c\u00f3pia dos seguintes documentos: CPF (do estudante e do respons\u00e1vel), certid\u00e3o de nascimento, Cart\u00e3o SUS, NIS (Bolsa Fam\u00edlia), cart\u00e3o de vacinas, comprovante de resid\u00eancia atualizado e c\u00f3pia do RG (carteira de identidade) do respons\u00e1vel pelo estudante.<\/p>\n<p><strong>Secret\u00e1ria C\u00edntya Alves<\/strong><\/p>\n<p>Para a Secret\u00e1ria de Educa\u00e7\u00e3o de Penedo, C\u00edntya Alves, a gest\u00e3o do Prefeito Ronaldo Lopes cumpre seu papel de oferecer educa\u00e7\u00e3o de qualidade para os alunos penedenses, inclusive para as pessoas que buscam uma nova oportunidade de aprender.<\/p>\n<p>\u201cEstamos reafirmando nosso compromisso com jovens e adultos, que por diversas causas n\u00e3o puderam ter a oportunidade de um ensino regular. A SEMED Penedo continuar\u00e1 ofertando a EJA, tanto no interior como na cidade, dando todo o suporte necess\u00e1rio\u201d, destacou.<\/p>\n<p>De acordo com C\u00edntya Alves, a SEMED tamb\u00e9m continuar\u00e1 realizando parcerias importantes para a EJA e outras modalidades de ensino, a exemplo dos cursos de inform\u00e1tica realizados em parceria com o IFAL (Instituto Federal de Alagoas), onde muitos estudantes tiveram o primeiro contato com o mundo digital, recebendo tamb\u00e9m certificado de participa\u00e7\u00e3o.<\/p>\n<p>&nbsp;<\/p>\n<p><strong>Fonte: Decom PMP<\/strong><\/p>\n<p>&nbsp;<\/p>\n","protected":false},"excerpt":{"rendered":"<p>A Secretaria Municipal de Educa\u00e7\u00e3o (SEMED) abre as matriculas para a modalidade EJA-Educa\u00e7\u00e3o de Jovens e Adultos, a partir do pr\u00f3ximo dia 15 de fevereiro. As aulas ocorrem de forma remota devido a pandemia de Covid-19. As matr\u00edculas ficar\u00e3o abertas at\u00e9 o dia 05 de mar\u00e7o e podem ser feitas nas unidades de ensino da &hellip;<\/p>\n","protected":false},"author":1,"featured_media":12869,"comment_status":"closed","ping_status":"closed","sticky":false,"template":"","format":"standard","meta":{"_jetpack_newsletter_access":"","_jetpack_dont_email_post_to_subs":false,"_jetpack_newsletter_tier_id":0,"_jetpack_memberships_contains_paywalled_content":false,"_jetpack_memberships_contains_paid_content":false,"footnotes":""},"categories":[1],"tags":[],"class_list":["post-12868","post","type-post","status-publish","format-standard","has-post-thumbnail","hentry","category-destaque"],"jetpack_sharing_enabled":true,"jetpack_featured_media_url":"","_links":{"self":[{"href":"https:\/\/www.oparanews.com.br\/index.php\/wp-json\/wp\/v2\/posts\/12868","targetHints":{"allow":["GET"]}}],"collection":[{"href":"https:\/\/www.oparanews.com.br\/index.php\/wp-json\/wp\/v2\/posts"}],"about":[{"href":"https:\/\/www.oparanews.com.br\/index.php\/wp-json\/wp\/v2\/types\/post"}],"author":[{"embeddable":true,"href":"https:\/\/www.oparanews.com.br\/index.php\/wp-json\/wp\/v2\/users\/1"}],"replies":[{"embeddable":true,"href":"https:\/\/www.oparanews.com.br\/index.php\/wp-json\/wp\/v2\/comments?post=12868"}],"version-history":[{"count":0,"href":"https:\/\/www.oparanews.com.br\/index.php\/wp-json\/wp\/v2\/posts\/12868\/revisions"}],"wp:attachment":[{"href":"https:\/\/www.oparanews.com.br\/index.php\/wp-json\/wp\/v2\/media?parent=12868"}],"wp:term":[{"taxonomy":"category","embeddable":true,"href":"https:\/\/www.oparanews.com.br\/index.php\/wp-json\/wp\/v2\/categories?post=12868"},{"taxonomy":"post_tag","embeddable":true,"href":"https:\/\/www.oparanews.com.br\/index.php\/wp-json\/wp\/v2\/tags?post=12868"}],"curies":[{"name":"wp","href":"https:\/\/api.w.org\/{rel}","templated":true}]}}