{"id":12871,"date":"2021-02-11T18:43:23","date_gmt":"2021-02-11T18:43:23","guid":{"rendered":"https:\/\/oparanews.com.br\/?p=12871"},"modified":"2021-02-11T18:43:23","modified_gmt":"2021-02-11T18:43:23","slug":"prefeitura-de-penedo-decreta-ponto-facultativo-para-dias-do-carnaval","status":"publish","type":"post","link":"https:\/\/www.oparanews.com.br\/index.php\/2021\/02\/11\/prefeitura-de-penedo-decreta-ponto-facultativo-para-dias-do-carnaval\/","title":{"rendered":"Prefeitura de Penedo decreta ponto facultativo para dias do Carnaval"},"content":{"rendered":"<p>Reparti\u00e7\u00f5es p\u00fablicas da Prefeitura de Penedo ter\u00e3o ponto facultativo nos pr\u00f3ximos dias 15 e 16 de fevereiro, segunda e ter\u00e7a-feira de Carnaval.<\/p>\n<p>A medida administrativa est\u00e1 fundamentada na redu\u00e7\u00e3o de gastos com setores da administra\u00e7\u00e3o municipal e tamb\u00e9m na necessidade de promover atos que preservem a efici\u00eancia e a economicidade do er\u00e1rio.<\/p>\n<p>Vale ressaltar que o ato n\u00e3o se aplica aos servi\u00e7os essenciais, como Unidade de Pronto Atendimento, exames e consultas pr\u00e9-agendadas e coleta de lixo.<\/p>\n<p>Al\u00e9m disso, os atrativos tur\u00edsticos soba responsabilidade da Prefeitura de Penedo funcionam no hor\u00e1rio estabelecido.<\/p>\n<p>Confira abaixo, na \u00edntegra, o Decreto n\u00ba 720, de 11 de fevereiro de 2020.<\/p>\n<p><a href=\"https:\/\/penedo.al.gov.br\/wp-content\/uploads\/2021\/02\/Decreto-720-ponto-facultativo.pdf\"><strong>Decreto 720 \u2013 ponto facultativo<\/strong><\/a><\/p>\n<p>&nbsp;<\/p>\n<p><strong>Fonte: Decom PMP<\/strong><\/p>\n<p>&nbsp;<\/p>\n","protected":false},"excerpt":{"rendered":"<p>Reparti\u00e7\u00f5es p\u00fablicas da Prefeitura de Penedo ter\u00e3o ponto facultativo nos pr\u00f3ximos dias 15 e 16 de fevereiro, segunda e ter\u00e7a-feira de Carnaval. A medida administrativa est\u00e1 fundamentada na redu\u00e7\u00e3o de gastos com setores da administra\u00e7\u00e3o municipal e tamb\u00e9m na necessidade de promover atos que preservem a efici\u00eancia e a economicidade do er\u00e1rio. Vale ressaltar que &hellip;<\/p>\n","protected":false},"author":1,"featured_media":12872,"comment_status":"closed","ping_status":"closed","sticky":false,"template":"","format":"standard","meta":{"_jetpack_newsletter_access":"","_jetpack_dont_email_post_to_subs":false,"_jetpack_newsletter_tier_id":0,"_jetpack_memberships_contains_paywalled_content":false,"_jetpack_memberships_contains_paid_content":false,"footnotes":""},"categories":[1],"tags":[],"class_list":["post-12871","post","type-post","status-publish","format-standard","has-post-thumbnail","hentry","category-destaque"],"jetpack_sharing_enabled":true,"jetpack_featured_media_url":"","_links":{"self":[{"href":"https:\/\/www.oparanews.com.br\/index.php\/wp-json\/wp\/v2\/posts\/12871","targetHints":{"allow":["GET"]}}],"collection":[{"href":"https:\/\/www.oparanews.com.br\/index.php\/wp-json\/wp\/v2\/posts"}],"about":[{"href":"https:\/\/www.oparanews.com.br\/index.php\/wp-json\/wp\/v2\/types\/post"}],"author":[{"embeddable":true,"href":"https:\/\/www.oparanews.com.br\/index.php\/wp-json\/wp\/v2\/users\/1"}],"replies":[{"embeddable":true,"href":"https:\/\/www.oparanews.com.br\/index.php\/wp-json\/wp\/v2\/comments?post=12871"}],"version-history":[{"count":0,"href":"https:\/\/www.oparanews.com.br\/index.php\/wp-json\/wp\/v2\/posts\/12871\/revisions"}],"wp:attachment":[{"href":"https:\/\/www.oparanews.com.br\/index.php\/wp-json\/wp\/v2\/media?parent=12871"}],"wp:term":[{"taxonomy":"category","embeddable":true,"href":"https:\/\/www.oparanews.com.br\/index.php\/wp-json\/wp\/v2\/categories?post=12871"},{"taxonomy":"post_tag","embeddable":true,"href":"https:\/\/www.oparanews.com.br\/index.php\/wp-json\/wp\/v2\/tags?post=12871"}],"curies":[{"name":"wp","href":"https:\/\/api.w.org\/{rel}","templated":true}]}}