{"id":12883,"date":"2021-02-11T19:10:37","date_gmt":"2021-02-11T19:10:37","guid":{"rendered":"https:\/\/oparanews.com.br\/?p=12883"},"modified":"2021-02-11T19:10:37","modified_gmt":"2021-02-11T19:10:37","slug":"ministerio-da-saude-usou-fiocruz-para-produzir-cloroquina","status":"publish","type":"post","link":"https:\/\/www.oparanews.com.br\/index.php\/2021\/02\/11\/ministerio-da-saude-usou-fiocruz-para-produzir-cloroquina\/","title":{"rendered":"Minist\u00e9rio da Sa\u00fade usou Fiocruz para produzir cloroquina"},"content":{"rendered":"<p>O Minist\u00e9rio da Sa\u00fade usou a Fiocruz (Funda\u00e7\u00e3o Oswaldo Cruz) para a produ\u00e7\u00e3o de 4 milh\u00f5es de comprimidos de cloroquina com o uso de recursos p\u00fablicos emergenciais destinados a a\u00e7\u00f5es contra a pandemia de Covid-19. As informa\u00e7\u00f5es s\u00e3o da Folha.<\/p>\n<p>O jornal teve acesso a documentos da pasta, com datas de 29 de junho a 6 de outubro, que mostram que o instituto foi usado para a produ\u00e7\u00e3o de cloroquina e de fosfato de oseltamivir (Tamiflu), com destina\u00e7\u00e3o a pacientes com Covid-19. Ambos medicamentos n\u00e3o possuem efic\u00e1cia contra a Covid-19.<\/p>\n<p>Ainda segundo a Folha, foram gastos R$ 70,4 milh\u00f5es com a produ\u00e7\u00e3o dos dois medicamentos. Ao jornal, a Fiocruz disse que Farmanguinhos, o instituto respons\u00e1vel pela produ\u00e7\u00e3o de medicamentos, produziu cloroquina para atender ao programa nacional de preven\u00e7\u00e3o e controle da mal\u00e1ria.<\/p>\n<p>Em nota, o Minist\u00e9rio da Sa\u00fade disse que a aquisi\u00e7\u00e3o da cloroquina n\u00e3o foi concretizada, que a produ\u00e7\u00e3o do medicamento deve ser explicada pela Fiocruz, e que o Tamiflu n\u00e3o \u00e9 para Covid-19, mas para influenza.<\/p>\n<p>&nbsp;<\/p>\n<p><strong>Fonte: ISTO\u00c9<\/strong><\/p>\n<p>&nbsp;<\/p>\n","protected":false},"excerpt":{"rendered":"<p>O Minist\u00e9rio da Sa\u00fade usou a Fiocruz (Funda\u00e7\u00e3o Oswaldo Cruz) para a produ\u00e7\u00e3o de 4 milh\u00f5es de comprimidos de cloroquina com o uso de recursos p\u00fablicos emergenciais destinados a a\u00e7\u00f5es contra a pandemia de Covid-19. As informa\u00e7\u00f5es s\u00e3o da Folha. O jornal teve acesso a documentos da pasta, com datas de 29 de junho a &hellip;<\/p>\n","protected":false},"author":1,"featured_media":12884,"comment_status":"closed","ping_status":"closed","sticky":false,"template":"","format":"standard","meta":{"_jetpack_newsletter_access":"","_jetpack_dont_email_post_to_subs":false,"_jetpack_newsletter_tier_id":0,"_jetpack_memberships_contains_paywalled_content":false,"_jetpack_memberships_contains_paid_content":false,"footnotes":""},"categories":[1],"tags":[],"class_list":["post-12883","post","type-post","status-publish","format-standard","has-post-thumbnail","hentry","category-destaque"],"jetpack_sharing_enabled":true,"jetpack_featured_media_url":"","_links":{"self":[{"href":"https:\/\/www.oparanews.com.br\/index.php\/wp-json\/wp\/v2\/posts\/12883","targetHints":{"allow":["GET"]}}],"collection":[{"href":"https:\/\/www.oparanews.com.br\/index.php\/wp-json\/wp\/v2\/posts"}],"about":[{"href":"https:\/\/www.oparanews.com.br\/index.php\/wp-json\/wp\/v2\/types\/post"}],"author":[{"embeddable":true,"href":"https:\/\/www.oparanews.com.br\/index.php\/wp-json\/wp\/v2\/users\/1"}],"replies":[{"embeddable":true,"href":"https:\/\/www.oparanews.com.br\/index.php\/wp-json\/wp\/v2\/comments?post=12883"}],"version-history":[{"count":0,"href":"https:\/\/www.oparanews.com.br\/index.php\/wp-json\/wp\/v2\/posts\/12883\/revisions"}],"wp:attachment":[{"href":"https:\/\/www.oparanews.com.br\/index.php\/wp-json\/wp\/v2\/media?parent=12883"}],"wp:term":[{"taxonomy":"category","embeddable":true,"href":"https:\/\/www.oparanews.com.br\/index.php\/wp-json\/wp\/v2\/categories?post=12883"},{"taxonomy":"post_tag","embeddable":true,"href":"https:\/\/www.oparanews.com.br\/index.php\/wp-json\/wp\/v2\/tags?post=12883"}],"curies":[{"name":"wp","href":"https:\/\/api.w.org\/{rel}","templated":true}]}}