{"id":12886,"date":"2021-02-11T19:26:44","date_gmt":"2021-02-11T19:26:44","guid":{"rendered":"https:\/\/oparanews.com.br\/?p=12886"},"modified":"2021-02-11T19:26:44","modified_gmt":"2021-02-11T19:26:44","slug":"vamos-vacinar-o-pais-todo-em-2021-afirma-ministro-pazuello","status":"publish","type":"post","link":"https:\/\/www.oparanews.com.br\/index.php\/2021\/02\/11\/vamos-vacinar-o-pais-todo-em-2021-afirma-ministro-pazuello\/","title":{"rendered":"&#8220;Vamos vacinar o pa\u00eds todo em 2021&#8221;, afirma ministro Pazuello"},"content":{"rendered":"<p>O senado promove, nesta quinta-feira (11), audi\u00eancia com o ministro da Sa\u00fade, Eduardo Pazuello . Ele foi convidado pelos senadores para falar sobre as dificuldades enfrentadas pelo Brasil para agilizar a imuniza\u00e7\u00e3o da popula\u00e7\u00e3o contra a Covid-19.<\/p>\n<p>Pazuello afirmou que o Minist\u00e9rio da Sa\u00fade vai imunizar toda a popula\u00e7\u00e3o ainda em 2021 . &#8220;Ser\u00e3o 50% das pessoas at\u00e9 julho e 50% at\u00e9 dezembro. A esperan\u00e7a continua sendo nossas vacinas. J\u00e1 chegamos a 5 milh\u00f5es de doses aplicadas das 11 milh\u00f5es distribu\u00eddas e vamos fazer muito mais.&#8221;<\/p>\n<p>Sobre as estrat\u00e9gias previstas para garantir que toda a popula\u00e7\u00e3o seja imunizada, Pazuello destacou a fabrica\u00e7\u00e3o nacional de doses e a compra de quantidades internacionais. &#8220;O que temos para fevereiro \u00e9 o seguinte: o Instituto Butatan vai fabricar de 8 a 12 milh\u00f5es de doses por m\u00eas na sua capacidade m\u00e1xima. Para fevereiro, temos a entrega de um primeiro lote no dia 15, contendo de 6 a 8 milh\u00f5es de doses. Quanto a negocia\u00e7\u00f5es, recebemos a primeira parte das doses da Astrazeneca, mas a produ\u00e7\u00e3o em parceria com a Fiocruz s\u00f3 fica pronta no in\u00edcio de mar\u00e7o.&#8221;<\/p>\n<p>O ministro tamb\u00e9m falou que h\u00e1 negocia\u00e7\u00f5es com outros laborat\u00f3rios da R\u00fassia e da \u00cdndia para complementa\u00e7\u00e3o da imuniza\u00e7\u00e3o, algo em torno de mais 30 milh\u00f5es de doses tamb\u00e9m a partir do m\u00eas que vem.<\/p>\n<p>Ainda durante sua participa\u00e7\u00e3o, o ministro exp\u00f4s que o governo federal foi &#8220;pego de surpresa&#8221; sobre os desdobramentos da pandemia . &#8220;Pens\u00e1vamos e t\u00ednhamos observa\u00e7\u00e3o t\u00e9cnica de tudo o que acontecia. No segundo semestre de 2020, vimos uma queda nos n\u00fameros. Est\u00e1vamos focados na compra das vacinas para poder fazer o trabalho final, que \u00e9 manter a estabilidade no n\u00fameros de casos e voltar \u00e0 normalidade. Mas essa ideia foi quebrada. Nos \u00faltimos 90 dias, pa\u00edses com capacidade de estrutura maiores que a nossa est\u00e3o apresentando n\u00fameros de cont\u00e1gios e \u00f3bitos inacredit\u00e1veis.&#8221;<\/p>\n<p><strong>Pedido ao Senado<\/strong><\/p>\n<p>A senadora Rose de Freitas (MDB-ES) fez um requerimento que previa a convoca\u00e7\u00e3o de Pazuello, o que obrigaria a participa\u00e7\u00e3o do ministro. No entanto, ap\u00f3s apelo do l\u00edder do governo, senador Fernando Bezerra Coelho (MDB-PE), Rose substituiu a convoca\u00e7\u00e3o por convite.<\/p>\n<p>&#8220;Embora n\u00e3o seja essa minha vontade diante da frieza, diante da inefic\u00e1cia, diante da falta de destreza na administra\u00e7\u00e3o do conflito que esse pa\u00eds est\u00e1 vivendo&#8221;, disse a senadora em entrevista \u00e0 R\u00e1dio Senado.<\/p>\n<p>&nbsp;<\/p>\n<p><strong>Fonte: iG<\/strong><\/p>\n<p>&nbsp;<\/p>\n<p>&nbsp;<\/p>\n","protected":false},"excerpt":{"rendered":"<p>O senado promove, nesta quinta-feira (11), audi\u00eancia com o ministro da Sa\u00fade, Eduardo Pazuello . Ele foi convidado pelos senadores para falar sobre as dificuldades enfrentadas pelo Brasil para agilizar a imuniza\u00e7\u00e3o da popula\u00e7\u00e3o contra a Covid-19. Pazuello afirmou que o Minist\u00e9rio da Sa\u00fade vai imunizar toda a popula\u00e7\u00e3o ainda em 2021 . &#8220;Ser\u00e3o 50% &hellip;<\/p>\n","protected":false},"author":1,"featured_media":12887,"comment_status":"closed","ping_status":"closed","sticky":false,"template":"","format":"standard","meta":{"_jetpack_newsletter_access":"","_jetpack_dont_email_post_to_subs":false,"_jetpack_newsletter_tier_id":0,"_jetpack_memberships_contains_paywalled_content":false,"_jetpack_memberships_contains_paid_content":false,"footnotes":""},"categories":[1],"tags":[],"class_list":["post-12886","post","type-post","status-publish","format-standard","has-post-thumbnail","hentry","category-destaque"],"jetpack_sharing_enabled":true,"jetpack_featured_media_url":"","_links":{"self":[{"href":"https:\/\/www.oparanews.com.br\/index.php\/wp-json\/wp\/v2\/posts\/12886","targetHints":{"allow":["GET"]}}],"collection":[{"href":"https:\/\/www.oparanews.com.br\/index.php\/wp-json\/wp\/v2\/posts"}],"about":[{"href":"https:\/\/www.oparanews.com.br\/index.php\/wp-json\/wp\/v2\/types\/post"}],"author":[{"embeddable":true,"href":"https:\/\/www.oparanews.com.br\/index.php\/wp-json\/wp\/v2\/users\/1"}],"replies":[{"embeddable":true,"href":"https:\/\/www.oparanews.com.br\/index.php\/wp-json\/wp\/v2\/comments?post=12886"}],"version-history":[{"count":0,"href":"https:\/\/www.oparanews.com.br\/index.php\/wp-json\/wp\/v2\/posts\/12886\/revisions"}],"wp:attachment":[{"href":"https:\/\/www.oparanews.com.br\/index.php\/wp-json\/wp\/v2\/media?parent=12886"}],"wp:term":[{"taxonomy":"category","embeddable":true,"href":"https:\/\/www.oparanews.com.br\/index.php\/wp-json\/wp\/v2\/categories?post=12886"},{"taxonomy":"post_tag","embeddable":true,"href":"https:\/\/www.oparanews.com.br\/index.php\/wp-json\/wp\/v2\/tags?post=12886"}],"curies":[{"name":"wp","href":"https:\/\/api.w.org\/{rel}","templated":true}]}}