{"id":12889,"date":"2021-02-12T18:48:51","date_gmt":"2021-02-12T18:48:51","guid":{"rendered":"https:\/\/oparanews.com.br\/?p=12889"},"modified":"2021-02-12T18:48:51","modified_gmt":"2021-02-12T18:48:51","slug":"semarh-penedo-e-ima-realizam-campanha-ambiental-para-donos-de-caes","status":"publish","type":"post","link":"https:\/\/www.oparanews.com.br\/index.php\/2021\/02\/12\/semarh-penedo-e-ima-realizam-campanha-ambiental-para-donos-de-caes\/","title":{"rendered":"SEMARH Penedo e IMA realizam campanha ambiental para donos de c\u00e3es"},"content":{"rendered":"<p>A Prefeitura de Penedo, por meio da Secretaria de Meio Ambiente e Recursos H\u00eddricos (SEMARH) e o Instituto do Meio Ambiente de Alagoas-IMA realizam campanha de conscientiza\u00e7\u00e3o para donos c\u00e3es que passeiam com seus respectivos animais recolherem suas fezes.<\/p>\n<p>Por isso instala pontos de recolhimento de sacolinhas, para os dejetos produzidos por esses animais durante o trajeto.<\/p>\n<p>A campanha busca fazer com que as cal\u00e7adas do Centro Hist\u00f3rico e pra\u00e7as da cidade estejam sempre limpas, livres dos restos org\u00e2nicos produzidos pelos c\u00e3es, proporcionando um ambiente mais limpo para todos.<\/p>\n<p>Foram instaladas placas com sacolinhas na pra\u00e7a localizada em frente ao novo 11\u00ba Batalh\u00e3o de Pol\u00edcia Militar, Pra\u00e7a de Santa Luzia, Pra\u00e7a Clementino do Monte e tamb\u00e9m na pra\u00e7a localizada em frente \u00e0 Igreja de Nossa Senhora do Ros\u00e1rio dos Pretos.<\/p>\n<p>De acordo com a SEMARH Penedo, a a\u00e7\u00e3o \u00e9 uma parceria do Governo de Alagoas com a Prefeitura de Penedo.<\/p>\n<p>A prote\u00e7\u00e3o do meio ambiente \u00e9 um compromisso da gest\u00e3o do Prefeito Ronaldo Lopes com o desenvolvimento de a\u00e7\u00f5es que colaborem com o bem-estar da popula\u00e7\u00e3o penedense.<\/p>\n<p><strong>Instala\u00e7\u00e3o de Placas<\/strong><\/p>\n<p>A a\u00e7\u00e3o continuar\u00e1 com a instala\u00e7\u00e3o de placas de conscientiza\u00e7\u00e3o por toda a cidade, assim como o plantio de mudas nas pra\u00e7as de Penedo, proporcionando um ambiente mais agrad\u00e1vel para todos.<\/p>\n<p>&nbsp;<\/p>\n<p><strong>Fonte: Decom &#8211; PMP<\/strong><\/p>\n<p>&nbsp;<\/p>\n","protected":false},"excerpt":{"rendered":"<p>A Prefeitura de Penedo, por meio da Secretaria de Meio Ambiente e Recursos H\u00eddricos (SEMARH) e o Instituto do Meio Ambiente de Alagoas-IMA realizam campanha de conscientiza\u00e7\u00e3o para donos c\u00e3es que passeiam com seus respectivos animais recolherem suas fezes. Por isso instala pontos de recolhimento de sacolinhas, para os dejetos produzidos por esses animais durante &hellip;<\/p>\n","protected":false},"author":1,"featured_media":12890,"comment_status":"closed","ping_status":"closed","sticky":false,"template":"","format":"standard","meta":{"_jetpack_newsletter_access":"","_jetpack_dont_email_post_to_subs":false,"_jetpack_newsletter_tier_id":0,"_jetpack_memberships_contains_paywalled_content":false,"_jetpack_memberships_contains_paid_content":false,"footnotes":""},"categories":[1],"tags":[],"class_list":["post-12889","post","type-post","status-publish","format-standard","has-post-thumbnail","hentry","category-destaque"],"jetpack_sharing_enabled":true,"jetpack_featured_media_url":"","_links":{"self":[{"href":"https:\/\/www.oparanews.com.br\/index.php\/wp-json\/wp\/v2\/posts\/12889","targetHints":{"allow":["GET"]}}],"collection":[{"href":"https:\/\/www.oparanews.com.br\/index.php\/wp-json\/wp\/v2\/posts"}],"about":[{"href":"https:\/\/www.oparanews.com.br\/index.php\/wp-json\/wp\/v2\/types\/post"}],"author":[{"embeddable":true,"href":"https:\/\/www.oparanews.com.br\/index.php\/wp-json\/wp\/v2\/users\/1"}],"replies":[{"embeddable":true,"href":"https:\/\/www.oparanews.com.br\/index.php\/wp-json\/wp\/v2\/comments?post=12889"}],"version-history":[{"count":0,"href":"https:\/\/www.oparanews.com.br\/index.php\/wp-json\/wp\/v2\/posts\/12889\/revisions"}],"wp:attachment":[{"href":"https:\/\/www.oparanews.com.br\/index.php\/wp-json\/wp\/v2\/media?parent=12889"}],"wp:term":[{"taxonomy":"category","embeddable":true,"href":"https:\/\/www.oparanews.com.br\/index.php\/wp-json\/wp\/v2\/categories?post=12889"},{"taxonomy":"post_tag","embeddable":true,"href":"https:\/\/www.oparanews.com.br\/index.php\/wp-json\/wp\/v2\/tags?post=12889"}],"curies":[{"name":"wp","href":"https:\/\/api.w.org\/{rel}","templated":true}]}}