{"id":12898,"date":"2021-02-12T18:57:44","date_gmt":"2021-02-12T18:57:44","guid":{"rendered":"https:\/\/oparanews.com.br\/?p=12898"},"modified":"2021-02-12T18:57:44","modified_gmt":"2021-02-12T18:57:44","slug":"1a-vacinada-no-pais-enfermeira-recebe-a-2a-dose","status":"publish","type":"post","link":"https:\/\/www.oparanews.com.br\/index.php\/2021\/02\/12\/1a-vacinada-no-pais-enfermeira-recebe-a-2a-dose\/","title":{"rendered":"1\u00aa vacinada no pa\u00eds, enfermeira recebe a 2\u00aa dose"},"content":{"rendered":"<p>A enfermeira M\u00f4nica Calazans, de 54 anos, primeira pessoa a ser vacinada contra a Covid-19 no Brasil, recebeu a segunda dose da vacina CoronaVac na tarde desta sexta-feira (12).<\/p>\n<p>A aplica\u00e7\u00e3o foi feita durante a coletiva de imprensa no Pal\u00e1cio dos Bandeirantes, sede do governo paulista. Antes de receber a dose, ela fez um apelo e pediu respeito \u00e0 sua profiss\u00e3o.<\/p>\n<p>&#8220;E eu estou aqui por uma classe, pois sou enfermeira e tenho muito orgulho da minha profiss\u00e3o. Quero deixar claro que n\u00e3o sou atriz, sou enfermeira. Eu n\u00e3o estou atuando. No momento com tantas mortes n\u00e3o existe atua\u00e7\u00e3o teatral, \u00e9 uma realidade que todos n\u00f3s estamos vivendo&#8221;, afirmou M\u00f4nica.<\/p>\n<p>A enfermeira revelou ter sido alvo de ataques virtuais ap\u00f3s ter sido a primeira pessoa a receber a vacina contra o coronav\u00edrus no Brasil.<\/p>\n<p>&#8220;Ao inv\u00e9s de me atacarem com piadinhas como fizeram, me respeitem como profissional, eu estou na linha de frente desde o in\u00edcio cuidando de pacientes graves. Antes de falar de mim, respeite e veja minha hist\u00f3ria. Eu fiz isso pelos brasileiros, tomei a vacina do Butantan com muito orgulho e falo, com a boca cheia, \u00e9 a vacina de S\u00e3o Paulo, \u00e9 a vacina do Brasil, e o que est\u00e1vamos esperando realmente para sairmos dessa pris\u00e3o que todos n\u00f3s estamos vivendo&#8221;, afirmou a profissional.<\/p>\n<p>O padre J\u00falio Lancellotti, coordenador da Pastoral do Povo da Rua, que foi vacinado com a primeira dose nesta manh\u00e3, participou da coletiva e acompanhou a vacina\u00e7\u00e3o de M\u00f4nica. Ele tamb\u00e9m mostrou o comprovante de vacina\u00e7\u00e3o.<\/p>\n<p>A Prefeitura de S\u00e3o Paulo come\u00e7ou a vacinar idosos com mais de 60 anos em situa\u00e7\u00e3o de rua na capital paulista. A campanha ocorre ap\u00f3s solicita\u00e7\u00e3o do Minist\u00e9rio P\u00fablico e da Defensoria P\u00fablica do estado.<\/p>\n<p>O governo de S\u00e3o Paulo come\u00e7ou nesta sexta a aplicar a segunda dose da vacina em todos os profissionais de sa\u00fade que foram imunizados no m\u00eas passado.<\/p>\n<p>M\u00f4nica foi vacinada no dia 17 de janeiro, logo ap\u00f3s a Ag\u00eancia Nacional de Vigil\u00e2ncia Sanit\u00e1ria (Anvisa), aprovar o uso emergencial da vacina, produzida pelo laborat\u00f3rio chin\u00eas Sinovac em parceria com o Instituto Butantan.<\/p>\n<p>O Programa Nacional de Imuniza\u00e7\u00e3o (PNI) brasileiro teve in\u00edcio no dia 18 de janeiro, e come\u00e7ou a ser feito ap\u00f3s a distribui\u00e7\u00e3o das 6 milh\u00f5es de doses da CoronaVac importadas j\u00e1 prontas da China.<\/p>\n<p>Mulher, negra, moradora de Itaquera, na Zona Leste da capital paulista, M\u00f4nica faz parte do grupo de risco para a doen\u00e7a, e atua na linha de frente contra Covid-19 no Instituto de Infectologia Em\u00edlio Ribas.<\/p>\n<p>Ela foi volunt\u00e1ria da terceira fase dos testes cl\u00ednicos da CoronaVac realizados no pa\u00eds.<\/p>\n<p>&nbsp;<\/p>\n<p><strong>Fonte: G1<\/strong><\/p>\n<p>&nbsp;<\/p>\n","protected":false},"excerpt":{"rendered":"<p>A enfermeira M\u00f4nica Calazans, de 54 anos, primeira pessoa a ser vacinada contra a Covid-19 no Brasil, recebeu a segunda dose da vacina CoronaVac na tarde desta sexta-feira (12). A aplica\u00e7\u00e3o foi feita durante a coletiva de imprensa no Pal\u00e1cio dos Bandeirantes, sede do governo paulista. Antes de receber a dose, ela fez um apelo &hellip;<\/p>\n","protected":false},"author":1,"featured_media":12899,"comment_status":"closed","ping_status":"closed","sticky":false,"template":"","format":"standard","meta":{"_jetpack_newsletter_access":"","_jetpack_dont_email_post_to_subs":false,"_jetpack_newsletter_tier_id":0,"_jetpack_memberships_contains_paywalled_content":false,"_jetpack_memberships_contains_paid_content":false,"footnotes":""},"categories":[1],"tags":[],"class_list":["post-12898","post","type-post","status-publish","format-standard","has-post-thumbnail","hentry","category-destaque"],"jetpack_sharing_enabled":true,"jetpack_featured_media_url":"","_links":{"self":[{"href":"https:\/\/www.oparanews.com.br\/index.php\/wp-json\/wp\/v2\/posts\/12898","targetHints":{"allow":["GET"]}}],"collection":[{"href":"https:\/\/www.oparanews.com.br\/index.php\/wp-json\/wp\/v2\/posts"}],"about":[{"href":"https:\/\/www.oparanews.com.br\/index.php\/wp-json\/wp\/v2\/types\/post"}],"author":[{"embeddable":true,"href":"https:\/\/www.oparanews.com.br\/index.php\/wp-json\/wp\/v2\/users\/1"}],"replies":[{"embeddable":true,"href":"https:\/\/www.oparanews.com.br\/index.php\/wp-json\/wp\/v2\/comments?post=12898"}],"version-history":[{"count":0,"href":"https:\/\/www.oparanews.com.br\/index.php\/wp-json\/wp\/v2\/posts\/12898\/revisions"}],"wp:attachment":[{"href":"https:\/\/www.oparanews.com.br\/index.php\/wp-json\/wp\/v2\/media?parent=12898"}],"wp:term":[{"taxonomy":"category","embeddable":true,"href":"https:\/\/www.oparanews.com.br\/index.php\/wp-json\/wp\/v2\/categories?post=12898"},{"taxonomy":"post_tag","embeddable":true,"href":"https:\/\/www.oparanews.com.br\/index.php\/wp-json\/wp\/v2\/tags?post=12898"}],"curies":[{"name":"wp","href":"https:\/\/api.w.org\/{rel}","templated":true}]}}