{"id":12901,"date":"2021-02-12T19:01:04","date_gmt":"2021-02-12T19:01:04","guid":{"rendered":"https:\/\/oparanews.com.br\/?p=12901"},"modified":"2021-02-12T19:01:04","modified_gmt":"2021-02-12T19:01:04","slug":"hernan-crespo-assina-contrato-e-e-o-novo-tecnico-do-sao-paulo","status":"publish","type":"post","link":"https:\/\/www.oparanews.com.br\/index.php\/2021\/02\/12\/hernan-crespo-assina-contrato-e-e-o-novo-tecnico-do-sao-paulo\/","title":{"rendered":"Hern\u00e1n Crespo assina contrato e \u00e9 o novo t\u00e9cnico do S\u00e3o Paulo"},"content":{"rendered":"<p>Hern\u00e1n Crespo assinou contrato para ser o novo t\u00e9cnico do S\u00e3o Paulo. Superadas as pend\u00eancias finais entre o clube e o argentino, a expectativa \u00e9 de que o an\u00fancio oficial seja feito nesta sexta-feira.<\/p>\n<p>S\u00e3o Paulo e Crespo resolveram os \u00faltimos detalhes que faltavam ap\u00f3s o acordo verbal encaminhado. O contrato ser\u00e1 de dois anos.<\/p>\n<p>Ainda n\u00e3o h\u00e1 previs\u00e3o de quando Crespo comandar\u00e1 o time em campo. O S\u00e3o Paulo entende que o processo de mudan\u00e7a de pa\u00eds leva tempo. Neste domingo, contra o Gr\u00eamio, pelo Brasileiro, o auxiliar e interino Marcos Vizolli estar\u00e1 no banco mais uma vez<\/p>\n<p>Na negocia\u00e7\u00e3o, ficou acertado que Crespo ter\u00e1 mais cinco profissionais na sua comiss\u00e3o t\u00e9cnica no S\u00e3o Paulo: o auxiliar Juan Branda, o preparador de goleiros Gustavo Nepote, os preparadores f\u00edsicos Alejandro Kohan (este elogiado nos bastidores) e Gustavo Satto, al\u00e9m do analista Tob\u00edas Kohan.<\/p>\n<p>Campe\u00e3o da Copa Sul-Americana com o Defensa y Justicia no m\u00eas passado, o ex-atacante argentino de 45 anos foi o escolhido da diretoria ap\u00f3s uma s\u00e9rie de entrevistas com candidatos ao cargo que era de Fernando Diniz.<\/p>\n<p>Hern\u00e1n Crespo, o portugu\u00eas Pedro Martins e o espanhol Miguel \u00c1ngel Ram\u00edrez foram os tr\u00eas escolhidos pelo S\u00e3o Paulo, depois de um processo de entrevistas com uma dezena de candidatos. A conclus\u00e3o final foi de que Crespo \u00e9 a melhor op\u00e7\u00e3o para o momento.<\/p>\n<p>O clube do Morumbi v\u00ea em Crespo conceitos de Fernando Diniz, de sa\u00edda de bola constru\u00edda, mas com transi\u00e7\u00e3o mais r\u00e1pida e correndo menos riscos. O clube tamb\u00e9m identifica no modelo de jogo do argentino a estrat\u00e9gia de pressionar advers\u00e1rios no campo de ataque.<\/p>\n<p>A ideia com Crespo passa por aproveitar parte do processo constru\u00eddo por Fernando Diniz, com um time que proponha o jogo. O desejo da diretoria \u00e9 que o S\u00e3o Paulo tenha mais esp\u00edrito de competi\u00e7\u00e3o.<\/p>\n<p>O S\u00e3o Paulo est\u00e1 em quarto no Brasileiro, com 59 pontos, a sete do Internacional, l\u00edder do torneio, e com dois pontos a mais do que o Fluminense, quinto colocado. O time tem quatro jogos a fazer no campeonato, contra Gr\u00eamio, Palmeiras, Botafogo e Flamengo.<\/p>\n<p>Na \u00faltima quarta-feira, o time empatou com o Cear\u00e1 em 1 a 1 em casa. O S\u00e3o Paulo n\u00e3o vence h\u00e1 oito jogos.<\/p>\n<p>&nbsp;<\/p>\n<p><strong>Fonte: GE<\/strong><\/p>\n<p>&nbsp;<\/p>\n","protected":false},"excerpt":{"rendered":"<p>Hern\u00e1n Crespo assinou contrato para ser o novo t\u00e9cnico do S\u00e3o Paulo. Superadas as pend\u00eancias finais entre o clube e o argentino, a expectativa \u00e9 de que o an\u00fancio oficial seja feito nesta sexta-feira. S\u00e3o Paulo e Crespo resolveram os \u00faltimos detalhes que faltavam ap\u00f3s o acordo verbal encaminhado. O contrato ser\u00e1 de dois anos. &hellip;<\/p>\n","protected":false},"author":1,"featured_media":12902,"comment_status":"closed","ping_status":"closed","sticky":false,"template":"","format":"standard","meta":{"_jetpack_newsletter_access":"","_jetpack_dont_email_post_to_subs":false,"_jetpack_newsletter_tier_id":0,"_jetpack_memberships_contains_paywalled_content":false,"_jetpack_memberships_contains_paid_content":false,"footnotes":""},"categories":[1],"tags":[],"class_list":["post-12901","post","type-post","status-publish","format-standard","has-post-thumbnail","hentry","category-destaque"],"jetpack_sharing_enabled":true,"jetpack_featured_media_url":"","_links":{"self":[{"href":"https:\/\/www.oparanews.com.br\/index.php\/wp-json\/wp\/v2\/posts\/12901","targetHints":{"allow":["GET"]}}],"collection":[{"href":"https:\/\/www.oparanews.com.br\/index.php\/wp-json\/wp\/v2\/posts"}],"about":[{"href":"https:\/\/www.oparanews.com.br\/index.php\/wp-json\/wp\/v2\/types\/post"}],"author":[{"embeddable":true,"href":"https:\/\/www.oparanews.com.br\/index.php\/wp-json\/wp\/v2\/users\/1"}],"replies":[{"embeddable":true,"href":"https:\/\/www.oparanews.com.br\/index.php\/wp-json\/wp\/v2\/comments?post=12901"}],"version-history":[{"count":0,"href":"https:\/\/www.oparanews.com.br\/index.php\/wp-json\/wp\/v2\/posts\/12901\/revisions"}],"wp:attachment":[{"href":"https:\/\/www.oparanews.com.br\/index.php\/wp-json\/wp\/v2\/media?parent=12901"}],"wp:term":[{"taxonomy":"category","embeddable":true,"href":"https:\/\/www.oparanews.com.br\/index.php\/wp-json\/wp\/v2\/categories?post=12901"},{"taxonomy":"post_tag","embeddable":true,"href":"https:\/\/www.oparanews.com.br\/index.php\/wp-json\/wp\/v2\/tags?post=12901"}],"curies":[{"name":"wp","href":"https:\/\/api.w.org\/{rel}","templated":true}]}}