{"id":12904,"date":"2021-02-12T19:05:15","date_gmt":"2021-02-12T19:05:15","guid":{"rendered":"https:\/\/oparanews.com.br\/?p=12904"},"modified":"2021-02-12T19:05:15","modified_gmt":"2021-02-12T19:05:15","slug":"bb-mantem-fechamento-de-361-unidades-em-todo-o-brasil","status":"publish","type":"post","link":"https:\/\/www.oparanews.com.br\/index.php\/2021\/02\/12\/bb-mantem-fechamento-de-361-unidades-em-todo-o-brasil\/","title":{"rendered":"BB mant\u00e9m fechamento de 361 unidades em todo o Brasil"},"content":{"rendered":"<p>O Banco do Brasil reafirmou o seu plano de reestrutura\u00e7\u00e3o que prev\u00ea o fechamento de 361 unidades de atendimento em todo o Brasil e j\u00e1 resultou na demiss\u00e3o de 5.533 funcion\u00e1rios, que aderiram a um programa de demiss\u00e3o volunt\u00e1ria. No entanto, o presidente do banco, Andr\u00e9 Brand\u00e3o, disse que a comunica\u00e7\u00e3o do plano n\u00e3o foi a mais adequada.<\/p>\n<p>O an\u00fancio do plano, em janeiro, teve grande repercuss\u00e3o e trouxe rumores de que o presidente Jair Bolsonaro queria demitir Brand\u00e3o.<\/p>\n<p>&#8220;\u00c9 verdade, estamos reduzindo sim 360 pontos, mas estamos criando 100 pontos adicionais de atendimento, crescendo ainda em 28 pontos com ag\u00eancias leves, especializadas. N\u00e3o estamos desassistindo nenhum cliente, n\u00e3o estamos saindo de nenhuma cidade. Se um munic\u00edpio tiver uma ag\u00eancia e for afetado, o correspondente banc\u00e1rio \u00e9 instalado antes, estamos conversando com prefeitos, governadores. A comunica\u00e7\u00e3o n\u00e3o foi das mais adequadas, mas o plano precisa do seu tempo&#8221;, disse em videoconfer\u00eancia com jornalistas.<\/p>\n<p>Questionado sobre jornalistas se conversou com o presidente Jair Bolsonaro, Brand\u00e3o explicou que n\u00e3o chegou a conversar diretamente com ele, mas acredita que ele entendeu o que o banco est\u00e1 fazendo. &#8220;Pretendo explicar para ele o que estamos fazendo e a nossa agenda de efici\u00eancia assim que tivermos a oportunidade e agenda&#8221;, completou.<\/p>\n<p>Sobre as demiss\u00f5es, Brand\u00e3o disse que elas trar\u00e3o uma economia de R$ 783 milh\u00f5es por ano, totalizando R$ 2,9 bilh\u00f5es at\u00e9 2025. Al\u00e9m disso, afirmou que cerca de 75% dos demitidos j\u00e1 estavam em condi\u00e7\u00f5es de se aposentar.<\/p>\n<p><strong>CRIA\u00c7\u00c3O DE NOVA \u00c1REA<\/strong><\/p>\n<p>O executivo ainda disse que o banco est\u00e1 criando um novo modelo no segmento de investimentos, voltado para os clientes Estilo, que contar\u00e1 com 46 escrit\u00f3rios regionais e 32 plataformas. Para isso, ser\u00e3o contratados 800 profissionais especializados em investimentos.<\/p>\n<p><strong>PRESEN\u00c7A INTERNACIONAL<\/strong><\/p>\n<p>Outro plano do Banco do Brasil \u00e9 rever a sua presen\u00e7a internacional e avalia a concentra\u00e7\u00e3o e moderniza\u00e7\u00e3o dos neg\u00f3cios, sem descartar consolida\u00e7\u00e3o, se necess\u00e1rio.<\/p>\n<p>&#8220;Estamos decidindo onde ser\u00e1 o centro de liquidez para o exterior, os lugares onde h\u00e1 fonte de capta\u00e7\u00e3o de moedas. As atua\u00e7\u00f5es v\u00e3o ter que ser mais restritas em rela\u00e7\u00e3o \u00e0 com\u00e9rcio exterior, j\u00e1 na parte de pessoas f\u00edsicas, vamos focar onde temos mais clientes no exterior&#8221;, afirmou o presidente do banco.<\/p>\n<p><strong>DESINVESTIMENTOS<\/strong><\/p>\n<p>Sobre os planos de desinvestimentos e parcerias, Brand\u00e3o disse que quer acelerar essa agenda e que trabalham com consultores, depois de uma pausa para avalia\u00e7\u00e3o, mas n\u00e3o deu detalhes sobre quais ativos seriam priorit\u00e1rios para vendas ou estimativas de quando poderiam ocorrer.<\/p>\n<p>Sobre a Cielo, na qual \u00e9 s\u00f3cio do Bradesco e h\u00e1 rumores de que quer vender a sua participa\u00e7\u00e3o, o executivo disse que h\u00e1 sempre di\u00e1logo com os s\u00f3cios sobre como melhor o neg\u00f3cio e que &#8220;a discuss\u00e3o continua&#8221;, mas destacou que a Cielo \u00e9 um neg\u00f3cio &#8220;core&#8221;, essencial, para o banco.<\/p>\n<p>&nbsp;<\/p>\n<p><strong>Fonte: Danielle Fonseca \/ Ag\u00eancia CMA<\/strong><\/p>\n<p>&nbsp;<\/p>\n","protected":false},"excerpt":{"rendered":"<p>O Banco do Brasil reafirmou o seu plano de reestrutura\u00e7\u00e3o que prev\u00ea o fechamento de 361 unidades de atendimento em todo o Brasil e j\u00e1 resultou na demiss\u00e3o de 5.533 funcion\u00e1rios, que aderiram a um programa de demiss\u00e3o volunt\u00e1ria. No entanto, o presidente do banco, Andr\u00e9 Brand\u00e3o, disse que a comunica\u00e7\u00e3o do plano n\u00e3o foi &hellip;<\/p>\n","protected":false},"author":1,"featured_media":12905,"comment_status":"closed","ping_status":"closed","sticky":false,"template":"","format":"standard","meta":{"_jetpack_newsletter_access":"","_jetpack_dont_email_post_to_subs":false,"_jetpack_newsletter_tier_id":0,"_jetpack_memberships_contains_paywalled_content":false,"_jetpack_memberships_contains_paid_content":false,"footnotes":""},"categories":[1],"tags":[],"class_list":["post-12904","post","type-post","status-publish","format-standard","has-post-thumbnail","hentry","category-destaque"],"jetpack_sharing_enabled":true,"jetpack_featured_media_url":"","_links":{"self":[{"href":"https:\/\/www.oparanews.com.br\/index.php\/wp-json\/wp\/v2\/posts\/12904","targetHints":{"allow":["GET"]}}],"collection":[{"href":"https:\/\/www.oparanews.com.br\/index.php\/wp-json\/wp\/v2\/posts"}],"about":[{"href":"https:\/\/www.oparanews.com.br\/index.php\/wp-json\/wp\/v2\/types\/post"}],"author":[{"embeddable":true,"href":"https:\/\/www.oparanews.com.br\/index.php\/wp-json\/wp\/v2\/users\/1"}],"replies":[{"embeddable":true,"href":"https:\/\/www.oparanews.com.br\/index.php\/wp-json\/wp\/v2\/comments?post=12904"}],"version-history":[{"count":0,"href":"https:\/\/www.oparanews.com.br\/index.php\/wp-json\/wp\/v2\/posts\/12904\/revisions"}],"wp:attachment":[{"href":"https:\/\/www.oparanews.com.br\/index.php\/wp-json\/wp\/v2\/media?parent=12904"}],"wp:term":[{"taxonomy":"category","embeddable":true,"href":"https:\/\/www.oparanews.com.br\/index.php\/wp-json\/wp\/v2\/categories?post=12904"},{"taxonomy":"post_tag","embeddable":true,"href":"https:\/\/www.oparanews.com.br\/index.php\/wp-json\/wp\/v2\/tags?post=12904"}],"curies":[{"name":"wp","href":"https:\/\/api.w.org\/{rel}","templated":true}]}}