{"id":12910,"date":"2021-02-12T19:10:48","date_gmt":"2021-02-12T19:10:48","guid":{"rendered":"https:\/\/oparanews.com.br\/?p=12910"},"modified":"2021-02-12T19:10:48","modified_gmt":"2021-02-12T19:10:48","slug":"renato-aragao-recebe-primeira-dose-da-vacina-contra-covid-19","status":"publish","type":"post","link":"https:\/\/www.oparanews.com.br\/index.php\/2021\/02\/12\/renato-aragao-recebe-primeira-dose-da-vacina-contra-covid-19\/","title":{"rendered":"Renato Arag\u00e3o recebe primeira dose da vacina contra covid-19"},"content":{"rendered":"<p>Na tarde desta quinta-feira, 11, Renato Arag\u00e3o foi vacinado contra a covid-19. O ator de 86 anos recebeu a primeira dose da Coronavac na Barra da Tijuca, zona oeste do Rio de Janeiro.<\/p>\n<p>No Instagram, o comediante compartilhou uma foto com o comprovante da vacina\u00e7\u00e3o e outra recebendo a dose da imuniza\u00e7\u00e3o no seu carro, em um drive-thru. &#8220;O grande dia chegou, pessoal! Que al\u00edvio&#8221;, comemorou ele.<\/p>\n<p>&#8220;H\u00e1 30 anos, eu defendo o direito das crian\u00e7as e adolescentes \u00e0 educa\u00e7\u00e3o, prote\u00e7\u00e3o e sa\u00fade junto com o Unicef. E claro que isso inclui o direito \u00e0 vacina\u00e7\u00e3o para prevenir doen\u00e7as s\u00e9rias, mas que podem ser evitadas com vacinas dispon\u00edveis para todos (&#8230;) Por eu ser uma crian\u00e7a de 86 anos, estou aqui para tomar minha vacina contra a covid-19&#8221;, escreveu.<\/p>\n<p>&#8220;As vacinas salvam milh\u00f5es de vidas todos os anos, mas muita gente est\u00e1 deixando de vacinar suas crian\u00e7as. Ent\u00e3o, n\u00e3o duvide e n\u00e3o vacile: leve seus filhos para vacinar! Mantenha a caderneta em dia, mesmo na pandemia! E quando a sua vez chegar, vacine-se&#8221;, finalizou Renato.<\/p>\n<p>&nbsp;<\/p>\n<p>&nbsp;<\/p>\n<p><strong>Fonte: Terra<\/strong><\/p>\n<p>&nbsp;<\/p>\n","protected":false},"excerpt":{"rendered":"<p>Na tarde desta quinta-feira, 11, Renato Arag\u00e3o foi vacinado contra a covid-19. O ator de 86 anos recebeu a primeira dose da Coronavac na Barra da Tijuca, zona oeste do Rio de Janeiro. No Instagram, o comediante compartilhou uma foto com o comprovante da vacina\u00e7\u00e3o e outra recebendo a dose da imuniza\u00e7\u00e3o no seu carro, &hellip;<\/p>\n","protected":false},"author":1,"featured_media":12911,"comment_status":"closed","ping_status":"closed","sticky":false,"template":"","format":"standard","meta":{"_jetpack_newsletter_access":"","_jetpack_dont_email_post_to_subs":false,"_jetpack_newsletter_tier_id":0,"_jetpack_memberships_contains_paywalled_content":false,"_jetpack_memberships_contains_paid_content":false,"footnotes":""},"categories":[1],"tags":[],"class_list":["post-12910","post","type-post","status-publish","format-standard","has-post-thumbnail","hentry","category-destaque"],"jetpack_sharing_enabled":true,"jetpack_featured_media_url":"","_links":{"self":[{"href":"https:\/\/www.oparanews.com.br\/index.php\/wp-json\/wp\/v2\/posts\/12910","targetHints":{"allow":["GET"]}}],"collection":[{"href":"https:\/\/www.oparanews.com.br\/index.php\/wp-json\/wp\/v2\/posts"}],"about":[{"href":"https:\/\/www.oparanews.com.br\/index.php\/wp-json\/wp\/v2\/types\/post"}],"author":[{"embeddable":true,"href":"https:\/\/www.oparanews.com.br\/index.php\/wp-json\/wp\/v2\/users\/1"}],"replies":[{"embeddable":true,"href":"https:\/\/www.oparanews.com.br\/index.php\/wp-json\/wp\/v2\/comments?post=12910"}],"version-history":[{"count":0,"href":"https:\/\/www.oparanews.com.br\/index.php\/wp-json\/wp\/v2\/posts\/12910\/revisions"}],"wp:attachment":[{"href":"https:\/\/www.oparanews.com.br\/index.php\/wp-json\/wp\/v2\/media?parent=12910"}],"wp:term":[{"taxonomy":"category","embeddable":true,"href":"https:\/\/www.oparanews.com.br\/index.php\/wp-json\/wp\/v2\/categories?post=12910"},{"taxonomy":"post_tag","embeddable":true,"href":"https:\/\/www.oparanews.com.br\/index.php\/wp-json\/wp\/v2\/tags?post=12910"}],"curies":[{"name":"wp","href":"https:\/\/api.w.org\/{rel}","templated":true}]}}