{"id":12913,"date":"2021-02-12T19:11:54","date_gmt":"2021-02-12T19:11:54","guid":{"rendered":"https:\/\/oparanews.com.br\/?p=12913"},"modified":"2021-02-12T19:11:54","modified_gmt":"2021-02-12T19:11:54","slug":"flamengo-anuncia-contratacao-do-zagueiro-bruno-viana","status":"publish","type":"post","link":"https:\/\/www.oparanews.com.br\/index.php\/2021\/02\/12\/flamengo-anuncia-contratacao-do-zagueiro-bruno-viana\/","title":{"rendered":"Flamengo anuncia contrata\u00e7\u00e3o do zagueiro Bruno Viana"},"content":{"rendered":"<p>O Flamengo anunciou, na manh\u00e3 desta sexta-feira, o primeiro refor\u00e7o para a temporada de 2021: o zagueiro Bruno Viana, que deixou o Braga, de Portugal. O defensor de 26 anos assinou contrato por empr\u00e9stimo at\u00e9 dezembro. Ao fim deste v\u00ednculo, o Rubro-Negro ter\u00e1 op\u00e7\u00e3o de compra no valor de 7 milh\u00f5es de euros (cerca de R$ 45 milh\u00f5es).<\/p>\n<p>Bruno chegou ao Rio de Janeiro na \u00faltima segunda-feira e acertou os detalhes finais do contrato com os dirigentes do Flamengo. O processo burocr\u00e1tico foi finalizado, e a tend\u00eancia \u00e9 que o atleta comece a treinar no Ninho do Urubu nos pr\u00f3ximos dias. Vale lembrar que ele s\u00f3 poder\u00e1 estrear quando a janela de transfer\u00eancias do exterior reabrir, em 1\u00ba de mar\u00e7o.<\/p>\n<p>No Flamengo, Bruno Viana usar\u00e1 a camisa 30 e enfrentar\u00e1 grande concorr\u00eancia na defesa. A chegada dele, inclusive, pode abrir espa\u00e7o para a sa\u00edda de zagueiros durante a temporada. Atualmente, o elenco j\u00e1 conta com seis atletas da posi\u00e7\u00e3o: Rodrigo Caio, Gustavo Henrique, L\u00e9o Pereira, Natan, Matheus Thuler e Gabriel Noga. Al\u00e9m deles, Willian Ar\u00e3o tamb\u00e9m vem desempenhando a fun\u00e7\u00e3o durante a reta final do Brasileir\u00e3o.<\/p>\n<p>Natural de Maca\u00e9, no interior do Rio de Janeiro, Bruno completou 26 anos no in\u00edcio de fevereiro. Ele foi revelado pelo Cruzeiro, passou pelo Olympiacos e chegou ao Braga em 2017. Nesta temporada, disputou 22 partidas e fez dois gols, mas entrou em conflito com o t\u00e9cnico Carlos Carvalhal &#8211; que j\u00e1 esteve na mira do Flamengo.<\/p>\n<p>&nbsp;<\/p>\n<p><strong>Fonte: LANCE<\/strong><\/p>\n<p>&nbsp;<\/p>\n","protected":false},"excerpt":{"rendered":"<p>O Flamengo anunciou, na manh\u00e3 desta sexta-feira, o primeiro refor\u00e7o para a temporada de 2021: o zagueiro Bruno Viana, que deixou o Braga, de Portugal. O defensor de 26 anos assinou contrato por empr\u00e9stimo at\u00e9 dezembro. Ao fim deste v\u00ednculo, o Rubro-Negro ter\u00e1 op\u00e7\u00e3o de compra no valor de 7 milh\u00f5es de euros (cerca de &hellip;<\/p>\n","protected":false},"author":1,"featured_media":12914,"comment_status":"closed","ping_status":"closed","sticky":false,"template":"","format":"standard","meta":{"_jetpack_newsletter_access":"","_jetpack_dont_email_post_to_subs":false,"_jetpack_newsletter_tier_id":0,"_jetpack_memberships_contains_paywalled_content":false,"_jetpack_memberships_contains_paid_content":false,"footnotes":""},"categories":[1],"tags":[],"class_list":["post-12913","post","type-post","status-publish","format-standard","has-post-thumbnail","hentry","category-destaque"],"jetpack_sharing_enabled":true,"jetpack_featured_media_url":"","_links":{"self":[{"href":"https:\/\/www.oparanews.com.br\/index.php\/wp-json\/wp\/v2\/posts\/12913","targetHints":{"allow":["GET"]}}],"collection":[{"href":"https:\/\/www.oparanews.com.br\/index.php\/wp-json\/wp\/v2\/posts"}],"about":[{"href":"https:\/\/www.oparanews.com.br\/index.php\/wp-json\/wp\/v2\/types\/post"}],"author":[{"embeddable":true,"href":"https:\/\/www.oparanews.com.br\/index.php\/wp-json\/wp\/v2\/users\/1"}],"replies":[{"embeddable":true,"href":"https:\/\/www.oparanews.com.br\/index.php\/wp-json\/wp\/v2\/comments?post=12913"}],"version-history":[{"count":0,"href":"https:\/\/www.oparanews.com.br\/index.php\/wp-json\/wp\/v2\/posts\/12913\/revisions"}],"wp:attachment":[{"href":"https:\/\/www.oparanews.com.br\/index.php\/wp-json\/wp\/v2\/media?parent=12913"}],"wp:term":[{"taxonomy":"category","embeddable":true,"href":"https:\/\/www.oparanews.com.br\/index.php\/wp-json\/wp\/v2\/categories?post=12913"},{"taxonomy":"post_tag","embeddable":true,"href":"https:\/\/www.oparanews.com.br\/index.php\/wp-json\/wp\/v2\/tags?post=12913"}],"curies":[{"name":"wp","href":"https:\/\/api.w.org\/{rel}","templated":true}]}}